{"id":5046,"date":"2021-06-14T22:43:31","date_gmt":"2021-06-15T01:43:31","guid":{"rendered":"https:\/\/aadaih.org.ar\/anuario2021\/?p=5046"},"modified":"2022-06-03T17:32:54","modified_gmt":"2022-06-03T20:32:54","slug":"sanatorio-anchorena-san-martin-para-la-atencion-integral-de-la-salud","status":"publish","type":"post","link":"https:\/\/aadaih.org.ar\/anuario2021\/2021\/06\/14\/sanatorio-anchorena-san-martin-para-la-atencion-integral-de-la-salud\/","title":{"rendered":"Sanatorio Anchorena San Mart\u00edn: Para la atenci\u00f3n integral de la salud"},"content":{"rendered":"<p>El edificio del Sanatorio Anchorena para la Obra Social de UPCN, es un proyecto de escala sin precedentes en un lugar de implantaci\u00f3n suburbana: Partido de San Mart\u00edn, Provincia de Buenos Aires, destinado a la atenci\u00f3n integral de la salud. Est\u00e1 ubicado en una manzana suburbana de un \u00e1rea en plena transformaci\u00f3n. Una peculiar vegetaci\u00f3n de a\u00f1osas palmeras cuenta la historia de un solar que aloj\u00f3 en sus or\u00edgenes una casa quinta, para convertirse luego en una dependencia industrial textil con viejos galpones abandonados durante muchos a\u00f1os.<\/p>\n<p><strong>El edificio en su entorno<\/strong><\/p>\n<p>Los edificios para la salud responden a complejas actividades y procesos enfrentando el desaf\u00edo de no impactar negativamente en el entorno urbano\/territorial donde se insertan. Se trata de construcciones que, como dec\u00eda Alvar Aalto \u201cdeben contemplar variaci\u00f3n y crecimiento con similitud a lo que ocurre en la vida org\u00e1nica\u201d, lo que implica obras futuras a lo largo de su vida \u00fatil.<\/p>\n<p>La relaci\u00f3n del edificio con el sitio atraviesa el l\u00edmite entre lo propio y su entorno, aplicando en la resoluci\u00f3n de su programa funcional respuestas formales integradoras que toman en cuenta el conjunto urbano en sus aspectos f\u00edsicos, culturales y medioambientales.<\/p>\n<p>El conjunto se compone de dos edificios, conectados subterr\u00e1neamente por un t\u00fanel, cuyo dise\u00f1o contempl\u00f3 la conservaci\u00f3n de especies arb\u00f3reas existentes que constituyen el espacio central alrededor del cual se organizaron las esperas.<\/p>\n<p>Las volumetr\u00edas propuestas toman en cuenta las diferentes escalas de la trama urbana, retir\u00e1ndose generosamente de las calles residenciales de menor altura, lo que evita la proyecci\u00f3n de sombras de invierno sobre las viviendas vecinas y minimiza los problemas de visuales y diferencias de escala.<\/p>\n<p>El retiro de la l\u00ednea de frente acent\u00faa el acceso principal y potencia la intenci\u00f3n del Municipio de generar un \u00e1rea parquizada para servicios comunales sobre el eje de la avenida Perdriel, por el mismo acceden los veh\u00edculos de pacientes y visitas a los estacionamientos de planta baja y subsuelo, disminuyendo el impacto negativo que podr\u00eda tener el movimiento vehicular del Sanatorio en el vecindario.<\/p>\n<p>Por la calle lateral se produce el ingreso de ambulancias y veh\u00edculos a las playas de carga y descarga, con accesos directos a la Guardia en planta baja y a los dep\u00f3sitos en el subsuelo.<\/p>\n<figure id=\"attachment_5051\" aria-describedby=\"caption-attachment-5051\" style=\"width: 866px\" class=\"wp-caption alignnone\"><img fetchpriority=\"high\" decoding=\"async\" data-expand=\"600\" class=\"lazyload size-full wp-image-5051\" src=\"data:image\/svg+xml;charset=utf-8,%3Csvg xmlns%3D'http%3A%2F%2Fwww.w3.org%2F2000%2Fsvg' viewBox%3D'0 0 866 1299'%2F%3E\" data-src=\"https:\/\/aadaih.org.ar\/anuario2021\/wp-content\/uploads\/2021\/06\/Foto-2-3.jpg\" alt=\"Fachada Sur\" width=\"866\" height=\"1299\" \/><figcaption id=\"caption-attachment-5051\" class=\"wp-caption-text\">Fachada Sur<\/figcaption><\/figure>\n<figure id=\"attachment_5052\" aria-describedby=\"caption-attachment-5052\" style=\"width: 984px\" class=\"wp-caption alignnone\"><img decoding=\"async\" data-expand=\"600\" class=\"lazyload size-full wp-image-5052\" src=\"data:image\/svg+xml;charset=utf-8,%3Csvg xmlns%3D'http%3A%2F%2Fwww.w3.org%2F2000%2Fsvg' viewBox%3D'0 0 984 656'%2F%3E\" data-src=\"https:\/\/aadaih.org.ar\/anuario2021\/wp-content\/uploads\/2021\/06\/Foto-3-3.jpg\" alt=\"Detalle Sureste\" width=\"984\" height=\"656\" \/><figcaption id=\"caption-attachment-5052\" class=\"wp-caption-text\">Detalle Sureste<\/figcaption><\/figure>\n<p><strong>El sistema funcional y espacial<\/strong><\/p>\n<p>Los cuatro niveles inferiores del edificio principal del Sanatorio conforman el basamento que alberga en su subsuelo los servicios de abastecimiento, dep\u00f3sitos, laboratorio y farmacia, entre otros.<\/p>\n<p>En la planta baja, una vez atravesada la antec\u00e1mara de ingreso, se accede al hall de triple altura que permite distribuir con claridad la mayor afluencia de p\u00fablico, orientando el camino de pacientes y visitas hacia los diferentes pisos de atenci\u00f3n.<\/p>\n<p>Un ascensor vidriado y una escalera abierta colaboran en agilizar el movimiento de las personas dentro del basamento.<\/p>\n<p>Adyacentes a este hall se ubican las esperas de los Consultorios de la Guardia y Diagn\u00f3stico por Im\u00e1genes sectores fuertemente relacionados entre s\u00ed.<\/p>\n<p>Continuando hacia el primer nivel se encuentra el Hospital de D\u00eda y el Centro Quir\u00fargico de alta complejidad y Procedimientos Invasivos como Hemodinamia y Endoscop\u00eda.<\/p>\n<p>Finalmente el segundo nivel, a modo de piso de transici\u00f3n funcional y morfol\u00f3gica, concentra las salas t\u00e9cnicas del edificio rodeadas de terrazas verdes, la Cafeter\u00eda de p\u00fablico con vista al jard\u00edn de las palmeras, el Comedor de personal, Cocina, y las \u00e1reas de Admisi\u00f3n, Microcine y Oficinas de Direcci\u00f3n y Administraci\u00f3n del Sanatorio.<\/p>\n<figure class=\"mace-gallery-teaser\"\n\tid=\"mace-gallery-5046-1\"\n\tdata-g1-gallery-title=\"\"\n\tdata-g1-gallery=\"[{&quot;type&quot;:&quot;image&quot;,&quot;id&quot;:5053,&quot;title&quot;:&quot;Entrada principal&quot;,&quot;thumbnail&quot;:&quot;https:\\\/\\\/aadaih.org.ar\\\/anuario2021\\\/wp-content\\\/uploads\\\/2021\\\/06\\\/Foto-4-3-150x150.jpg&quot;,&quot;3-2-thumbnail&quot;:&quot;https:\\\/\\\/aadaih.org.ar\\\/anuario2021\\\/wp-content\\\/uploads\\\/2021\\\/06\\\/Foto-4-3-180x120.jpg&quot;,&quot;full&quot;:&quot;https:\\\/\\\/aadaih.org.ar\\\/anuario2021\\\/wp-content\\\/uploads\\\/2021\\\/06\\\/Foto-4-3.jpg&quot;},{&quot;type&quot;:&quot;image&quot;,&quot;id&quot;:5054,&quot;title&quot;:&quot;Hall de triple altura&quot;,&quot;thumbnail&quot;:&quot;https:\\\/\\\/aadaih.org.ar\\\/anuario2021\\\/wp-content\\\/uploads\\\/2021\\\/06\\\/Foto-5-3-150x150.jpg&quot;,&quot;3-2-thumbnail&quot;:&quot;https:\\\/\\\/aadaih.org.ar\\\/anuario2021\\\/wp-content\\\/uploads\\\/2021\\\/06\\\/Foto-5-3-180x120.jpg&quot;,&quot;full&quot;:&quot;https:\\\/\\\/aadaih.org.ar\\\/anuario2021\\\/wp-content\\\/uploads\\\/2021\\\/06\\\/Foto-5-3.jpg&quot;},{&quot;type&quot;:&quot;image&quot;,&quot;id&quot;:5055,&quot;title&quot;:&quot;Jard\\u00edn interno&quot;,&quot;thumbnail&quot;:&quot;https:\\\/\\\/aadaih.org.ar\\\/anuario2021\\\/wp-content\\\/uploads\\\/2021\\\/06\\\/Foto-6-3-150x150.jpg&quot;,&quot;3-2-thumbnail&quot;:&quot;https:\\\/\\\/aadaih.org.ar\\\/anuario2021\\\/wp-content\\\/uploads\\\/2021\\\/06\\\/Foto-6-3-180x120.jpg&quot;,&quot;full&quot;:&quot;https:\\\/\\\/aadaih.org.ar\\\/anuario2021\\\/wp-content\\\/uploads\\\/2021\\\/06\\\/Foto-6-3.jpg&quot;}]\"\n\tdata-g1-share-shortlink=\"https:\/\/aadaih.org.ar\/anuario2021\/2021\/06\/14\/sanatorio-anchorena-san-martin-para-la-atencion-integral-de-la-salud\/#mace-gallery-5046-1\"\n\t>\n\t<a class=\"mace-gallery-teaser-poster\">\n\t\t<img decoding=\"async\" width=\"728\" height=\"409\" src=\"https:\/\/aadaih.org.ar\/anuario2021\/wp-content\/uploads\/2021\/06\/Foto-4-3-728x409.jpg\" class=\"attachment-bimber-grid-standard-2x size-bimber-grid-standard-2x\" alt=\"Entrada principal\" srcset=\"https:\/\/aadaih.org.ar\/anuario2021\/wp-content\/uploads\/2021\/06\/Foto-4-3-728x409.jpg 728w, https:\/\/aadaih.org.ar\/anuario2021\/wp-content\/uploads\/2021\/06\/Foto-4-3-192x108.jpg 192w, https:\/\/aadaih.org.ar\/anuario2021\/wp-content\/uploads\/2021\/06\/Foto-4-3-384x216.jpg 384w, https:\/\/aadaih.org.ar\/anuario2021\/wp-content\/uploads\/2021\/06\/Foto-4-3-364x205.jpg 364w, https:\/\/aadaih.org.ar\/anuario2021\/wp-content\/uploads\/2021\/06\/Foto-4-3-561x316.jpg 561w, https:\/\/aadaih.org.ar\/anuario2021\/wp-content\/uploads\/2021\/06\/Foto-4-3-758x426.jpg 758w\" sizes=\"(max-width: 728px) 100vw, 728px\" \/>\t\t<span class=\"mace-gallery-teaser-button\">\n\t\t\t<span class=\"g1-epsilon g1-epsilon-1st mace-gallery-teaser-button-text\">View Gallery<\/span>\n\t\t\t<span class=\"g1-meta mace-gallery-teaser-button-counter\">\n\t\t\t\t3 images\t\t\t<\/span>\n\t\t<\/span>\n\t<\/a>\n<\/figure>\n\n<p>Por sobre el piso de transici\u00f3n, se desarrollan cinco pisos de Internaci\u00f3n con distintos niveles de complejidad y especializaci\u00f3n.<\/p>\n<p>A partir del tercer nivel la planta se abre en dos cuerpos de internaci\u00f3n desfasados entre s\u00ed y unidos por circulaciones vidriadas, desmaterializ\u00e1ndose el prisma virtual que contiene la totalidad del edificio, lo que otorga un mayor dinamismo al conjunto y permite diferenciar sectores funcionales con distintos abordajes t\u00e9cnicos o p\u00fablicos, que responden a necesidades m\u00e9dicas de mayor o menor restricci\u00f3n de acceso.<\/p>\n<p>El edificio cuenta con una trama de circulaciones diferenciadas, con dos n\u00facleos de circulaci\u00f3n vertical, uno p\u00fablico y otro t\u00e9cnico. En cada piso de internaci\u00f3n, enfrentando los halles de ascensores de ambos n\u00facleos un puesto de enfermer\u00eda \u2013 recepci\u00f3n act\u00faa como pivote de control y orientaci\u00f3n en el cruce circulatorio<\/p>\n<p>La orientaci\u00f3n, el confort y la contenci\u00f3n del paciente se han considerado cualidades esenciales para mejorar su v\u00ednculo con la instituci\u00f3n que le prestar\u00e1 el servicio.<\/p>\n<p>La estrecha relaci\u00f3n entre el exterior y el interior, el uso del color y la luz, colaboran en la construcci\u00f3n de un espacio humanizado donde se desarrollan los procesos m\u00e9dicos.<\/p>\n<figure class=\"mace-gallery-teaser\"\n\tid=\"mace-gallery-5046-2\"\n\tdata-g1-gallery-title=\"\"\n\tdata-g1-gallery=\"[{&quot;type&quot;:&quot;image&quot;,&quot;id&quot;:5056,&quot;title&quot;:&quot;Cafeter\\u00eda&quot;,&quot;thumbnail&quot;:&quot;https:\\\/\\\/aadaih.org.ar\\\/anuario2021\\\/wp-content\\\/uploads\\\/2021\\\/06\\\/Foto-7-3-150x150.jpg&quot;,&quot;3-2-thumbnail&quot;:&quot;https:\\\/\\\/aadaih.org.ar\\\/anuario2021\\\/wp-content\\\/uploads\\\/2021\\\/06\\\/Foto-7-3-180x120.jpg&quot;,&quot;full&quot;:&quot;https:\\\/\\\/aadaih.org.ar\\\/anuario2021\\\/wp-content\\\/uploads\\\/2021\\\/06\\\/Foto-7-3.jpg&quot;},{&quot;type&quot;:&quot;image&quot;,&quot;id&quot;:5057,&quot;title&quot;:&quot;Habitaci\\u00f3n internaci\\u00f3n&quot;,&quot;thumbnail&quot;:&quot;https:\\\/\\\/aadaih.org.ar\\\/anuario2021\\\/wp-content\\\/uploads\\\/2021\\\/06\\\/Foto-8-2-150x150.jpg&quot;,&quot;3-2-thumbnail&quot;:&quot;https:\\\/\\\/aadaih.org.ar\\\/anuario2021\\\/wp-content\\\/uploads\\\/2021\\\/06\\\/Foto-8-2-180x120.jpg&quot;,&quot;full&quot;:&quot;https:\\\/\\\/aadaih.org.ar\\\/anuario2021\\\/wp-content\\\/uploads\\\/2021\\\/06\\\/Foto-8-2.jpg&quot;},{&quot;type&quot;:&quot;image&quot;,&quot;id&quot;:5058,&quot;title&quot;:&quot;Unidad Coronaria&quot;,&quot;thumbnail&quot;:&quot;https:\\\/\\\/aadaih.org.ar\\\/anuario2021\\\/wp-content\\\/uploads\\\/2021\\\/06\\\/Foto-9-1-150x150.jpg&quot;,&quot;3-2-thumbnail&quot;:&quot;https:\\\/\\\/aadaih.org.ar\\\/anuario2021\\\/wp-content\\\/uploads\\\/2021\\\/06\\\/Foto-9-1-180x120.jpg&quot;,&quot;full&quot;:&quot;https:\\\/\\\/aadaih.org.ar\\\/anuario2021\\\/wp-content\\\/uploads\\\/2021\\\/06\\\/Foto-9-1.jpg&quot;},{&quot;type&quot;:&quot;image&quot;,&quot;id&quot;:5059,&quot;title&quot;:&quot;Unidad Terapia Intensiva&quot;,&quot;thumbnail&quot;:&quot;https:\\\/\\\/aadaih.org.ar\\\/anuario2021\\\/wp-content\\\/uploads\\\/2021\\\/06\\\/Foto-10-1-150x150.jpg&quot;,&quot;3-2-thumbnail&quot;:&quot;https:\\\/\\\/aadaih.org.ar\\\/anuario2021\\\/wp-content\\\/uploads\\\/2021\\\/06\\\/Foto-10-1-180x120.jpg&quot;,&quot;full&quot;:&quot;https:\\\/\\\/aadaih.org.ar\\\/anuario2021\\\/wp-content\\\/uploads\\\/2021\\\/06\\\/Foto-10-1.jpg&quot;},{&quot;type&quot;:&quot;image&quot;,&quot;id&quot;:5060,&quot;title&quot;:&quot;Enfermer\\u00eda UTI&quot;,&quot;thumbnail&quot;:&quot;https:\\\/\\\/aadaih.org.ar\\\/anuario2021\\\/wp-content\\\/uploads\\\/2021\\\/06\\\/Foto-11-1-150x150.jpg&quot;,&quot;3-2-thumbnail&quot;:&quot;https:\\\/\\\/aadaih.org.ar\\\/anuario2021\\\/wp-content\\\/uploads\\\/2021\\\/06\\\/Foto-11-1-180x120.jpg&quot;,&quot;full&quot;:&quot;https:\\\/\\\/aadaih.org.ar\\\/anuario2021\\\/wp-content\\\/uploads\\\/2021\\\/06\\\/Foto-11-1.jpg&quot;},{&quot;type&quot;:&quot;image&quot;,&quot;id&quot;:5061,&quot;title&quot;:&quot;Quir\\u00f3fano&quot;,&quot;thumbnail&quot;:&quot;https:\\\/\\\/aadaih.org.ar\\\/anuario2021\\\/wp-content\\\/uploads\\\/2021\\\/06\\\/Foto-12-1-150x150.jpg&quot;,&quot;3-2-thumbnail&quot;:&quot;https:\\\/\\\/aadaih.org.ar\\\/anuario2021\\\/wp-content\\\/uploads\\\/2021\\\/06\\\/Foto-12-1-180x120.jpg&quot;,&quot;full&quot;:&quot;https:\\\/\\\/aadaih.org.ar\\\/anuario2021\\\/wp-content\\\/uploads\\\/2021\\\/06\\\/Foto-12-1.jpg&quot;}]\"\n\tdata-g1-share-shortlink=\"https:\/\/aadaih.org.ar\/anuario2021\/2021\/06\/14\/sanatorio-anchorena-san-martin-para-la-atencion-integral-de-la-salud\/#mace-gallery-5046-2\"\n\t>\n\t<a class=\"mace-gallery-teaser-poster\">\n\t\t<img loading=\"lazy\" decoding=\"async\" width=\"728\" height=\"409\" src=\"https:\/\/aadaih.org.ar\/anuario2021\/wp-content\/uploads\/2021\/06\/Foto-7-3-728x409.jpg\" class=\"attachment-bimber-grid-standard-2x size-bimber-grid-standard-2x\" alt=\"Cafeter\u00eda\" srcset=\"https:\/\/aadaih.org.ar\/anuario2021\/wp-content\/uploads\/2021\/06\/Foto-7-3-728x409.jpg 728w, https:\/\/aadaih.org.ar\/anuario2021\/wp-content\/uploads\/2021\/06\/Foto-7-3-192x108.jpg 192w, https:\/\/aadaih.org.ar\/anuario2021\/wp-content\/uploads\/2021\/06\/Foto-7-3-384x216.jpg 384w, https:\/\/aadaih.org.ar\/anuario2021\/wp-content\/uploads\/2021\/06\/Foto-7-3-364x205.jpg 364w, https:\/\/aadaih.org.ar\/anuario2021\/wp-content\/uploads\/2021\/06\/Foto-7-3-561x316.jpg 561w, https:\/\/aadaih.org.ar\/anuario2021\/wp-content\/uploads\/2021\/06\/Foto-7-3-1122x631.jpg 1122w, https:\/\/aadaih.org.ar\/anuario2021\/wp-content\/uploads\/2021\/06\/Foto-7-3-758x426.jpg 758w, https:\/\/aadaih.org.ar\/anuario2021\/wp-content\/uploads\/2021\/06\/Foto-7-3-1152x648.jpg 1152w\" sizes=\"(max-width: 728px) 100vw, 728px\" \/>\t\t<span class=\"mace-gallery-teaser-button\">\n\t\t\t<span class=\"g1-epsilon g1-epsilon-1st mace-gallery-teaser-button-text\">View Gallery<\/span>\n\t\t\t<span class=\"g1-meta mace-gallery-teaser-button-counter\">\n\t\t\t\t6 images\t\t\t<\/span>\n\t\t<\/span>\n\t<\/a>\n<\/figure>\n\n<p><strong>Criterios de sustentabilidad<\/strong><\/p>\n<p>Las fachadas se proyectaron aplicando criterios bioclim\u00e1ticos, disminuyendo el efecto del asoleamiento estival mediante aleros, parasoles y galer\u00edas y reduciendo las p\u00e9rdidas de calor incrementando los niveles de aislaci\u00f3n t\u00e9rmica.<\/p>\n<p>Las superficies vidriadas se dimensionaron seg\u00fan su orientaci\u00f3n, para bloquear los \u00e1ngulos bajos de asoleamiento se dispusieron paramentos predominantemente ciegos, principalmente hacia el SO, y se limit\u00f3 el porcentaje de vidrio a un 50% como m\u00e1ximo en las fachadas para el resto de las orientaciones.<\/p>\n<p>Las envolventes se materializaron combinando sistemas de fachada ventilada, tabiques de placa cementicia con elevada aislaci\u00f3n t\u00e9rmica interior y carpinter\u00edas con doble vidriado herm\u00e9tico low-e y RPT.<\/p>\n<figure id=\"attachment_5062\" aria-describedby=\"caption-attachment-5062\" style=\"width: 1199px\" class=\"wp-caption alignnone\"><img loading=\"lazy\" decoding=\"async\" data-expand=\"600\" class=\"lazyload size-full wp-image-5062\" src=\"data:image\/svg+xml;charset=utf-8,%3Csvg xmlns%3D'http%3A%2F%2Fwww.w3.org%2F2000%2Fsvg' viewBox%3D'0 0 1199 674'%2F%3E\" data-src=\"https:\/\/aadaih.org.ar\/anuario2021\/wp-content\/uploads\/2021\/06\/Foto-13-1.jpg\" alt=\"Edificio Atenci\u00f3n Ambulatoria\" width=\"1199\" height=\"674\" \/><figcaption id=\"caption-attachment-5062\" class=\"wp-caption-text\">Edificio Atenci\u00f3n Ambulatoria<\/figcaption><\/figure>\n<figure id=\"attachment_5063\" aria-describedby=\"caption-attachment-5063\" style=\"width: 1181px\" class=\"wp-caption alignnone\"><img loading=\"lazy\" decoding=\"async\" data-expand=\"600\" class=\"lazyload size-full wp-image-5063\" src=\"data:image\/svg+xml;charset=utf-8,%3Csvg xmlns%3D'http%3A%2F%2Fwww.w3.org%2F2000%2Fsvg' viewBox%3D'0 0 1181 722'%2F%3E\" data-src=\"https:\/\/aadaih.org.ar\/anuario2021\/wp-content\/uploads\/2021\/06\/Foto-14-1.jpg\" alt=\"Jard\u00edn interno\" width=\"1181\" height=\"722\" \/><figcaption id=\"caption-attachment-5063\" class=\"wp-caption-text\">Jard\u00edn interno<\/figcaption><\/figure>\n<p>Para el acondicionamiento t\u00e9rmico se instalaron dos sistemas: VRF con recuperaci\u00f3n de calor para locales con requerimientos de confort y Chillers duales con generaci\u00f3n simult\u00e1nea de agua fr\u00eda y caliente y Unidades Manejadoras de Aire de grado Hospitalario para \u00e1reas con elevados requerimientos de filtrado.<\/p>\n<p>Para la renovaci\u00f3n del aire en las ventilaciones se introdujo un sistema est\u00e1tico de recuperaci\u00f3n de calor, logrando un considerable ahorro de energ\u00eda y un alto nivel de filtrado del aire.<\/p>\n<p>Gran parte de los espacios de uso tienen acceso a la iluminaci\u00f3n natural, y un sistema de control automatizado permite ajustar la iluminaci\u00f3n artificial, especialmente en circulaciones y espacios comunes.<\/p>\n<p>Los sistemas sanitarios son de bajo consumo de agua, y adicionalmente se recolecta el agua pluvial y de condensado para su reutilizaci\u00f3n en limpieza de inodoros y riego.<\/p>\n<figure class=\"mace-gallery-teaser\"\n\tid=\"mace-gallery-5046-3\"\n\tdata-g1-gallery-title=\"\"\n\tdata-g1-gallery=\"[{&quot;type&quot;:&quot;image&quot;,&quot;id&quot;:5064,&quot;title&quot;:&quot;Planta Baja&quot;,&quot;thumbnail&quot;:&quot;https:\\\/\\\/aadaih.org.ar\\\/anuario2021\\\/wp-content\\\/uploads\\\/2021\\\/06\\\/Foto-15-1-150x150.jpg&quot;,&quot;3-2-thumbnail&quot;:&quot;https:\\\/\\\/aadaih.org.ar\\\/anuario2021\\\/wp-content\\\/uploads\\\/2021\\\/06\\\/Foto-15-1-180x120.jpg&quot;,&quot;full&quot;:&quot;https:\\\/\\\/aadaih.org.ar\\\/anuario2021\\\/wp-content\\\/uploads\\\/2021\\\/06\\\/Foto-15-1.jpg&quot;},{&quot;type&quot;:&quot;image&quot;,&quot;id&quot;:5065,&quot;title&quot;:&quot;Planta Internaci\\u00f3n tipo&quot;,&quot;thumbnail&quot;:&quot;https:\\\/\\\/aadaih.org.ar\\\/anuario2021\\\/wp-content\\\/uploads\\\/2021\\\/06\\\/Foto-16-150x150.jpg&quot;,&quot;3-2-thumbnail&quot;:&quot;https:\\\/\\\/aadaih.org.ar\\\/anuario2021\\\/wp-content\\\/uploads\\\/2021\\\/06\\\/Foto-16-180x120.jpg&quot;,&quot;full&quot;:&quot;https:\\\/\\\/aadaih.org.ar\\\/anuario2021\\\/wp-content\\\/uploads\\\/2021\\\/06\\\/Foto-16.jpg&quot;}]\"\n\tdata-g1-share-shortlink=\"https:\/\/aadaih.org.ar\/anuario2021\/2021\/06\/14\/sanatorio-anchorena-san-martin-para-la-atencion-integral-de-la-salud\/#mace-gallery-5046-3\"\n\t>\n\t<a class=\"mace-gallery-teaser-poster\">\n\t\t<img loading=\"lazy\" decoding=\"async\" width=\"728\" height=\"409\" src=\"https:\/\/aadaih.org.ar\/anuario2021\/wp-content\/uploads\/2021\/06\/Foto-15-1-728x409.jpg\" class=\"attachment-bimber-grid-standard-2x size-bimber-grid-standard-2x\" alt=\"Planta Baja\" srcset=\"https:\/\/aadaih.org.ar\/anuario2021\/wp-content\/uploads\/2021\/06\/Foto-15-1-728x409.jpg 728w, https:\/\/aadaih.org.ar\/anuario2021\/wp-content\/uploads\/2021\/06\/Foto-15-1-192x108.jpg 192w, https:\/\/aadaih.org.ar\/anuario2021\/wp-content\/uploads\/2021\/06\/Foto-15-1-384x216.jpg 384w, https:\/\/aadaih.org.ar\/anuario2021\/wp-content\/uploads\/2021\/06\/Foto-15-1-364x205.jpg 364w, https:\/\/aadaih.org.ar\/anuario2021\/wp-content\/uploads\/2021\/06\/Foto-15-1-561x316.jpg 561w, https:\/\/aadaih.org.ar\/anuario2021\/wp-content\/uploads\/2021\/06\/Foto-15-1-1122x631.jpg 1122w, https:\/\/aadaih.org.ar\/anuario2021\/wp-content\/uploads\/2021\/06\/Foto-15-1-758x426.jpg 758w, https:\/\/aadaih.org.ar\/anuario2021\/wp-content\/uploads\/2021\/06\/Foto-15-1-1152x648.jpg 1152w\" sizes=\"(max-width: 728px) 100vw, 728px\" \/>\t\t<span class=\"mace-gallery-teaser-button\">\n\t\t\t<span class=\"g1-epsilon g1-epsilon-1st mace-gallery-teaser-button-text\">View Gallery<\/span>\n\t\t\t<span class=\"g1-meta mace-gallery-teaser-button-counter\">\n\t\t\t\t2 images\t\t\t<\/span>\n\t\t<\/span>\n\t<\/a>\n<\/figure>\n\n<p><strong>FICHA T\u00c9CNICA<\/strong><\/p>\n<p><strong>Obra:<\/strong> Sanatorio Anchorena San Mart\u00edn<\/p>\n<p><strong>Ubicaci\u00f3n:<\/strong> Manzana delimitada por Avda. Perdriel y calles Virrey Liniers, Roca y Juarez, Partido de San Mart\u00edn, Prov. de Buenos Aires<\/p>\n<p><strong>Proyecto:<\/strong>\u00a0 AFS Arquitectos (Liliana Font, Manuel Alvarado, Alfredo Sartorio, Javier Sartorio, Marcelo Fattorini).<\/p>\n<p><strong>Asociados:<\/strong> Gast\u00f3n Flores y Leandro Barreiro, Arquitectos<\/p>\n<p><strong>Direcci\u00f3n de Obra:<\/strong>\u00a0 AFS Arquitectos\u00a0 &#8211;\u00a0 Javier Sartorio, Marcelo Fattorini<\/p>\n<p><strong>Colaboradores:<\/strong>\u00a0 Mar\u00eda Julia Souto, Mario Ferloni, Ariel Doeyo, Federico Fioressi, Laura Paris, Mar\u00eda Jos\u00e9 Cristiano, Rebeca Fiuri, Federico Tessandori, Federico Vincent, Juan Manuel Pampin.<\/p>\n<p><strong>Estructura:<\/strong> Estudio Ings. Cotto &#8211; Cheves<\/p>\n<p><strong>Inst. Termomec\u00e1nica:<\/strong> Saeneas, Arq. Carlos Lopez y Estudio Echevarria Romano, Eduardo Romano<\/p>\n<p><strong>Inst. Sanitaria e Incendio:<\/strong> Estudio Giarini, Octavio Giarini<\/p>\n<p><strong>Inst. El\u00e9ctrica:<\/strong> Aselec, Ing. Marcelo Alignani y Estudio Grinner, Arq. Ra\u00fal Grinner<\/p>\n<p><strong>Paisajismo:<\/strong> Marta Carena &amp; Asociados<\/p>\n<p><strong>Fotograf\u00eda:<\/strong> Daniela Mac Adden<\/p>\n<p><strong>A\u00f1o de Construcci\u00f3n:<\/strong> 2014 &#8211; 2018<\/p>\n<p><strong>Superficie:<\/strong> 22.000 M2<\/p>\n<p><strong>Comitente:<\/strong> Uni\u00f3n Personal Civil de La Naci\u00f3n<\/p>\n<p>&nbsp;<\/p>\n","protected":false},"excerpt":{"rendered":"<p>El edificio del Sanatorio Anchorena para la Obra Social de UPCN, es un proyecto de escala sin precedentes en un lugar de implantaci\u00f3n suburbana: Partido de San Mart\u00edn, Provincia de Buenos Aires, destinado a la atenci\u00f3n integral de la salud. Est\u00e1 ubicado en una manzana suburbana de un \u00e1rea en plena transformaci\u00f3n. Una peculiar vegetaci\u00f3n [&hellip;] <a class=\"g1-link g1-link-more\" href=\"https:\/\/aadaih.org.ar\/anuario2021\/2021\/06\/14\/sanatorio-anchorena-san-martin-para-la-atencion-integral-de-la-salud\/\">M\u00e1s<\/a><\/p>\n","protected":false},"author":1,"featured_media":5049,"comment_status":"open","ping_status":"open","sticky":false,"template":"","format":"standard","meta":{"footnotes":""},"categories":[146],"tags":[],"reaction":[],"adace-sponsor":[],"class_list":{"0":"post-5046","1":"post","2":"type-post","3":"status-publish","4":"format-standard","5":"has-post-thumbnail","7":"category-ifhe-international-building-award"},"wps_subtitle":"Cuarto Premio","_links":{"self":[{"href":"https:\/\/aadaih.org.ar\/anuario2021\/wp-json\/wp\/v2\/posts\/5046","targetHints":{"allow":["GET"]}}],"collection":[{"href":"https:\/\/aadaih.org.ar\/anuario2021\/wp-json\/wp\/v2\/posts"}],"about":[{"href":"https:\/\/aadaih.org.ar\/anuario2021\/wp-json\/wp\/v2\/types\/post"}],"author":[{"embeddable":true,"href":"https:\/\/aadaih.org.ar\/anuario2021\/wp-json\/wp\/v2\/users\/1"}],"replies":[{"embeddable":true,"href":"https:\/\/aadaih.org.ar\/anuario2021\/wp-json\/wp\/v2\/comments?post=5046"}],"version-history":[{"count":4,"href":"https:\/\/aadaih.org.ar\/anuario2021\/wp-json\/wp\/v2\/posts\/5046\/revisions"}],"predecessor-version":[{"id":5068,"href":"https:\/\/aadaih.org.ar\/anuario2021\/wp-json\/wp\/v2\/posts\/5046\/revisions\/5068"}],"wp:featuredmedia":[{"embeddable":true,"href":"https:\/\/aadaih.org.ar\/anuario2021\/wp-json\/wp\/v2\/media\/5049"}],"wp:attachment":[{"href":"https:\/\/aadaih.org.ar\/anuario2021\/wp-json\/wp\/v2\/media?parent=5046"}],"wp:term":[{"taxonomy":"category","embeddable":true,"href":"https:\/\/aadaih.org.ar\/anuario2021\/wp-json\/wp\/v2\/categories?post=5046"},{"taxonomy":"post_tag","embeddable":true,"href":"https:\/\/aadaih.org.ar\/anuario2021\/wp-json\/wp\/v2\/tags?post=5046"},{"taxonomy":"reaction","embeddable":true,"href":"https:\/\/aadaih.org.ar\/anuario2021\/wp-json\/wp\/v2\/reaction?post=5046"},{"taxonomy":"adace-sponsor","embeddable":true,"href":"https:\/\/aadaih.org.ar\/anuario2021\/wp-json\/wp\/v2\/adace-sponsor?post=5046"}],"curies":[{"name":"wp","href":"https:\/\/api.w.org\/{rel}","templated":true}]}}