{"id":5069,"date":"2021-06-14T23:34:45","date_gmt":"2021-06-15T02:34:45","guid":{"rendered":"https:\/\/aadaih.org.ar\/anuario2021\/?p=5069"},"modified":"2022-06-03T17:33:01","modified_gmt":"2022-06-03T20:33:01","slug":"hospital-faro-del-mayab-arquitectura-que-promueve-la-vida","status":"publish","type":"post","link":"https:\/\/aadaih.org.ar\/anuario2021\/2021\/06\/14\/hospital-faro-del-mayab-arquitectura-que-promueve-la-vida\/","title":{"rendered":"Hospital Faro del Mayab: Arquitectura que promueve la vida"},"content":{"rendered":"<p>El concepto de dise\u00f1o se basa en la reinterpretaci\u00f3n contempor\u00e1nea de un pabell\u00f3n o mosquitero, elemento muy utilizado en zonas tropicales como medio de protecci\u00f3n de los insectos portadores de enfermedades.<\/p>\n<p>El proyecto est\u00e1 conformado por cuatro elementos:<\/p>\n<ul>\n<li>Un basamento que contiene las funciones cr\u00edticas del hospital.<\/li>\n<li>El pabell\u00f3n que envuelve y protege las \u00e1reas de mayor concentraci\u00f3n de usuarios.<\/li>\n<li>Una grapa que proporciona soporte a los servicios complementarios, contiene las circulaciones verticales y evita el asoleamiento en el sur.<\/li>\n<li>Un p\u00f3rtico de acceso que provee escala al edificio y brinda servicios adicionales.<\/li>\n<\/ul>\n<p>Una arquitectura que promueve la vida a trav\u00e9s de sus ambientes, convirti\u00e9ndose en coadyuvante para la recuperaci\u00f3n de los pacientes, soporte de familiares y mejores condiciones de trabajo para el personal. Un dise\u00f1o basado en evidencia.<\/p>\n<figure id=\"attachment_5071\" aria-describedby=\"caption-attachment-5071\" style=\"width: 1181px\" class=\"wp-caption alignnone\"><img fetchpriority=\"high\" decoding=\"async\" data-expand=\"600\" class=\"lazyload size-full wp-image-5071\" src=\"data:image\/svg+xml;charset=utf-8,%3Csvg xmlns%3D'http%3A%2F%2Fwww.w3.org%2F2000%2Fsvg' viewBox%3D'0 0 1181 1234'%2F%3E\" data-src=\"https:\/\/aadaih.org.ar\/anuario2021\/wp-content\/uploads\/2021\/06\/2-PLAZA-DE-ACCESO.jpg\" alt=\"Plaza de acceso\" width=\"1181\" height=\"1234\" \/><figcaption id=\"caption-attachment-5071\" class=\"wp-caption-text\">Plaza de acceso<\/figcaption><\/figure>\n<p>El edificio se relaciona con la ciudad, generando un espacio p\u00fablico que integra el arte, dando la bienvenida y permitiendo su uso libre, incorporando jardines y \u00e1reas arboladas que dan sombra a las circulaciones peatonales circundantes. El emplazamiento del edificio tiene la intenci\u00f3n de mantener al norte, orientaci\u00f3n m\u00e1s favorable, los espacios de mayor permanencia; y hacia el sur, las circulaciones horizontales y verticales tamizando el asoleamiento y ganancia t\u00e9rmica. Esto deriva en ahorro de energ\u00eda, eficiencia en la operaci\u00f3n y mejores condiciones en los espacios habitables y de trabajo. Se disponen hacia el norte las habitaciones, los consultorios y patios interiores lineales en \u00e1reas de urgencias, imagenolog\u00eda y cirug\u00eda, con grandes ventanales que permiten la entrada de luz natural, transformando positivamente estas zonas. En el sur, las circulaciones y los generosos vest\u00edbulos de m\u00faltiples alturas crean, a trav\u00e9s de los parteluces un sutil juego de luces y sombras, que revela el avance de las horas a lo largo del d\u00eda y los cambios estacionales a lo largo del a\u00f1o.<\/p>\n<figure id=\"attachment_5072\" aria-describedby=\"caption-attachment-5072\" style=\"width: 1181px\" class=\"wp-caption alignnone\"><img decoding=\"async\" data-expand=\"600\" class=\"lazyload size-full wp-image-5072\" src=\"data:image\/svg+xml;charset=utf-8,%3Csvg xmlns%3D'http%3A%2F%2Fwww.w3.org%2F2000%2Fsvg' viewBox%3D'0 0 1181 932'%2F%3E\" data-src=\"https:\/\/aadaih.org.ar\/anuario2021\/wp-content\/uploads\/2021\/06\/3-VESTIBULO-PRINCIPAL.jpg\" alt=\"Vest\u00edbulo principal\" width=\"1181\" height=\"932\" \/><figcaption id=\"caption-attachment-5072\" class=\"wp-caption-text\">Vest\u00edbulo principal<\/figcaption><\/figure>\n<p>Se proyectaron todas las \u00e1reas posibles en contacto con jardines interiores y exteriores, promoviendo generosas visuales con un paisajismo cuidadosamente dise\u00f1ado e iluminaci\u00f3n natural; esta relaci\u00f3n con la naturaleza redunda en grandes beneficios:<\/p>\n<figure class=\"mace-gallery-teaser\"\n\tid=\"mace-gallery-5069-1\"\n\tdata-g1-gallery-title=\"\"\n\tdata-g1-gallery=\"[{&quot;type&quot;:&quot;image&quot;,&quot;id&quot;:5073,&quot;title&quot;:&quot;Habitaci\\u00f3n est\\u00e1ndar&quot;,&quot;thumbnail&quot;:&quot;https:\\\/\\\/aadaih.org.ar\\\/anuario2021\\\/wp-content\\\/uploads\\\/2021\\\/06\\\/4-HABITACION-ESTANDAR-150x150.jpg&quot;,&quot;3-2-thumbnail&quot;:&quot;https:\\\/\\\/aadaih.org.ar\\\/anuario2021\\\/wp-content\\\/uploads\\\/2021\\\/06\\\/4-HABITACION-ESTANDAR-180x120.jpg&quot;,&quot;full&quot;:&quot;https:\\\/\\\/aadaih.org.ar\\\/anuario2021\\\/wp-content\\\/uploads\\\/2021\\\/06\\\/4-HABITACION-ESTANDAR.jpg&quot;},{&quot;type&quot;:&quot;image&quot;,&quot;id&quot;:5074,&quot;title&quot;:&quot;Jard\\u00edn Hospitalizaci\\u00f3n&quot;,&quot;thumbnail&quot;:&quot;https:\\\/\\\/aadaih.org.ar\\\/anuario2021\\\/wp-content\\\/uploads\\\/2021\\\/06\\\/5-JARDIN-HOSPITALIZACION-150x150.jpg&quot;,&quot;3-2-thumbnail&quot;:&quot;https:\\\/\\\/aadaih.org.ar\\\/anuario2021\\\/wp-content\\\/uploads\\\/2021\\\/06\\\/5-JARDIN-HOSPITALIZACION-180x120.jpg&quot;,&quot;full&quot;:&quot;https:\\\/\\\/aadaih.org.ar\\\/anuario2021\\\/wp-content\\\/uploads\\\/2021\\\/06\\\/5-JARDIN-HOSPITALIZACION.jpg&quot;},{&quot;type&quot;:&quot;image&quot;,&quot;id&quot;:5075,&quot;title&quot;:&quot;Suite&quot;,&quot;thumbnail&quot;:&quot;https:\\\/\\\/aadaih.org.ar\\\/anuario2021\\\/wp-content\\\/uploads\\\/2021\\\/06\\\/6-SUITE-150x150.jpg&quot;,&quot;3-2-thumbnail&quot;:&quot;https:\\\/\\\/aadaih.org.ar\\\/anuario2021\\\/wp-content\\\/uploads\\\/2021\\\/06\\\/6-SUITE-180x120.jpg&quot;,&quot;full&quot;:&quot;https:\\\/\\\/aadaih.org.ar\\\/anuario2021\\\/wp-content\\\/uploads\\\/2021\\\/06\\\/6-SUITE.jpg&quot;},{&quot;type&quot;:&quot;image&quot;,&quot;id&quot;:5076,&quot;title&quot;:&quot;Jard\\u00edn Poniente&quot;,&quot;thumbnail&quot;:&quot;https:\\\/\\\/aadaih.org.ar\\\/anuario2021\\\/wp-content\\\/uploads\\\/2021\\\/06\\\/7JARDIN-PONIENTE-150x150.jpg&quot;,&quot;3-2-thumbnail&quot;:&quot;https:\\\/\\\/aadaih.org.ar\\\/anuario2021\\\/wp-content\\\/uploads\\\/2021\\\/06\\\/7JARDIN-PONIENTE-180x120.jpg&quot;,&quot;full&quot;:&quot;https:\\\/\\\/aadaih.org.ar\\\/anuario2021\\\/wp-content\\\/uploads\\\/2021\\\/06\\\/7JARDIN-PONIENTE.jpg&quot;}]\"\n\tdata-g1-share-shortlink=\"https:\/\/aadaih.org.ar\/anuario2021\/2021\/06\/14\/hospital-faro-del-mayab-arquitectura-que-promueve-la-vida\/#mace-gallery-5069-1\"\n\t>\n\t<a class=\"mace-gallery-teaser-poster\">\n\t\t<img decoding=\"async\" width=\"728\" height=\"409\" src=\"https:\/\/aadaih.org.ar\/anuario2021\/wp-content\/uploads\/2021\/06\/4-HABITACION-ESTANDAR-728x409.jpg\" class=\"attachment-bimber-grid-standard-2x size-bimber-grid-standard-2x\" alt=\"Habitaci\u00f3n est\u00e1ndar\" srcset=\"https:\/\/aadaih.org.ar\/anuario2021\/wp-content\/uploads\/2021\/06\/4-HABITACION-ESTANDAR-728x409.jpg 728w, https:\/\/aadaih.org.ar\/anuario2021\/wp-content\/uploads\/2021\/06\/4-HABITACION-ESTANDAR-192x108.jpg 192w, https:\/\/aadaih.org.ar\/anuario2021\/wp-content\/uploads\/2021\/06\/4-HABITACION-ESTANDAR-384x216.jpg 384w, https:\/\/aadaih.org.ar\/anuario2021\/wp-content\/uploads\/2021\/06\/4-HABITACION-ESTANDAR-364x205.jpg 364w, https:\/\/aadaih.org.ar\/anuario2021\/wp-content\/uploads\/2021\/06\/4-HABITACION-ESTANDAR-561x316.jpg 561w, https:\/\/aadaih.org.ar\/anuario2021\/wp-content\/uploads\/2021\/06\/4-HABITACION-ESTANDAR-1122x631.jpg 1122w, https:\/\/aadaih.org.ar\/anuario2021\/wp-content\/uploads\/2021\/06\/4-HABITACION-ESTANDAR-758x426.jpg 758w, https:\/\/aadaih.org.ar\/anuario2021\/wp-content\/uploads\/2021\/06\/4-HABITACION-ESTANDAR-1152x648.jpg 1152w\" sizes=\"(max-width: 728px) 100vw, 728px\" \/>\t\t<span class=\"mace-gallery-teaser-button\">\n\t\t\t<span class=\"g1-epsilon g1-epsilon-1st mace-gallery-teaser-button-text\">View Gallery<\/span>\n\t\t\t<span class=\"g1-meta mace-gallery-teaser-button-counter\">\n\t\t\t\t4 images\t\t\t<\/span>\n\t\t<\/span>\n\t<\/a>\n<\/figure>\n\n<ul>\n<li>Reduce niveles de estr\u00e9s en todos los usuarios.<\/li>\n<li>Mejora la actitud de pacientes, familiares y personal.<\/li>\n<li>Purifica el ambiente.<\/li>\n<li>En los pacientes, promueve tiempos de recuperaci\u00f3n m\u00e1s cortos, disminuye la demanda de medicamentos, mejora el sue\u00f1o y el ritmo cardiaco.<\/li>\n<li>En los familiares contribuye a un acompa\u00f1amiento y apoyo en las esperas, aumenta los niveles de satisfacci\u00f3n de los servicios.<\/li>\n<li>En el personal m\u00e9dico y de enfermer\u00eda, permite tener conciencia del paso del tiempo en las largas jornadas de trabajo; mejora la atenci\u00f3n y eficiencia, disminuye los errores en las dosis de medicamentos; genera mayor satisfacci\u00f3n laboral y sentido de pertenencia a la instituci\u00f3n.<\/li>\n<\/ul>\n<p>El tipo de acabados fue elegido con la finalidad de facilitar los traslados. La superficie de los pisos es continua, permitiendo desplazamientos sin movimientos de rebote para el paciente y el camillero. En los plafones se maneja iluminaci\u00f3n indirecta, para evitar molestia y deslumbramiento del paciente en las circulaciones.<\/p>\n<p>En todos los niveles se proponen salas comunes que brindan un espacio amable de espera a pacientes y familiares, incluyendo el \u00e1rea de consultorios. Asimismo en cada a nivel se ubican servicios sanitarios para hombres, mujeres y ba\u00f1os familiares.<\/p>\n<p>Es un hospital de especialidades, que cuenta con 88 consultorios, 55 habitaciones, 5 salas de cirug\u00eda, servicios de urgencias, imagenolog\u00eda, laboratorio, banco de sangre, hemodi\u00e1lisis, endoscopia, fisioterapia, cardiolog\u00eda, neurofisiolog\u00eda y cl\u00ednica de check up.<\/p>\n<figure class=\"mace-gallery-teaser\"\n\tid=\"mace-gallery-5069-2\"\n\tdata-g1-gallery-title=\"\"\n\tdata-g1-gallery=\"[{&quot;type&quot;:&quot;image&quot;,&quot;id&quot;:5077,&quot;title&quot;:&quot;Planta de Conjunto&quot;,&quot;thumbnail&quot;:&quot;https:\\\/\\\/aadaih.org.ar\\\/anuario2021\\\/wp-content\\\/uploads\\\/2021\\\/06\\\/8-HFM-PLANTA-DE-CONJUNTO-150x150.jpeg&quot;,&quot;3-2-thumbnail&quot;:&quot;https:\\\/\\\/aadaih.org.ar\\\/anuario2021\\\/wp-content\\\/uploads\\\/2021\\\/06\\\/8-HFM-PLANTA-DE-CONJUNTO-180x120.jpeg&quot;,&quot;full&quot;:&quot;https:\\\/\\\/aadaih.org.ar\\\/anuario2021\\\/wp-content\\\/uploads\\\/2021\\\/06\\\/8-HFM-PLANTA-DE-CONJUNTO.jpeg&quot;},{&quot;type&quot;:&quot;image&quot;,&quot;id&quot;:5078,&quot;title&quot;:&quot;Planta Baja&quot;,&quot;thumbnail&quot;:&quot;https:\\\/\\\/aadaih.org.ar\\\/anuario2021\\\/wp-content\\\/uploads\\\/2021\\\/06\\\/9-HFM-PLANTA-BAJA-150x150.jpeg&quot;,&quot;3-2-thumbnail&quot;:&quot;https:\\\/\\\/aadaih.org.ar\\\/anuario2021\\\/wp-content\\\/uploads\\\/2021\\\/06\\\/9-HFM-PLANTA-BAJA-180x120.jpeg&quot;,&quot;full&quot;:&quot;https:\\\/\\\/aadaih.org.ar\\\/anuario2021\\\/wp-content\\\/uploads\\\/2021\\\/06\\\/9-HFM-PLANTA-BAJA.jpeg&quot;},{&quot;type&quot;:&quot;image&quot;,&quot;id&quot;:5080,&quot;title&quot;:&quot;Planta Nivel 6&quot;,&quot;thumbnail&quot;:&quot;https:\\\/\\\/aadaih.org.ar\\\/anuario2021\\\/wp-content\\\/uploads\\\/2021\\\/06\\\/11-HFM-NIVEL-6-150x150.jpeg&quot;,&quot;3-2-thumbnail&quot;:&quot;https:\\\/\\\/aadaih.org.ar\\\/anuario2021\\\/wp-content\\\/uploads\\\/2021\\\/06\\\/11-HFM-NIVEL-6-180x120.jpeg&quot;,&quot;full&quot;:&quot;https:\\\/\\\/aadaih.org.ar\\\/anuario2021\\\/wp-content\\\/uploads\\\/2021\\\/06\\\/11-HFM-NIVEL-6.jpeg&quot;}]\"\n\tdata-g1-share-shortlink=\"https:\/\/aadaih.org.ar\/anuario2021\/2021\/06\/14\/hospital-faro-del-mayab-arquitectura-que-promueve-la-vida\/#mace-gallery-5069-2\"\n\t>\n\t<a class=\"mace-gallery-teaser-poster\">\n\t\t<img loading=\"lazy\" decoding=\"async\" width=\"728\" height=\"409\" src=\"https:\/\/aadaih.org.ar\/anuario2021\/wp-content\/uploads\/2021\/06\/8-HFM-PLANTA-DE-CONJUNTO-728x409.jpeg\" class=\"attachment-bimber-grid-standard-2x size-bimber-grid-standard-2x\" alt=\"Planta de Conjunto\" srcset=\"https:\/\/aadaih.org.ar\/anuario2021\/wp-content\/uploads\/2021\/06\/8-HFM-PLANTA-DE-CONJUNTO-728x409.jpeg 728w, https:\/\/aadaih.org.ar\/anuario2021\/wp-content\/uploads\/2021\/06\/8-HFM-PLANTA-DE-CONJUNTO-300x169.jpeg 300w, https:\/\/aadaih.org.ar\/anuario2021\/wp-content\/uploads\/2021\/06\/8-HFM-PLANTA-DE-CONJUNTO-768x432.jpeg 768w, https:\/\/aadaih.org.ar\/anuario2021\/wp-content\/uploads\/2021\/06\/8-HFM-PLANTA-DE-CONJUNTO-192x108.jpeg 192w, https:\/\/aadaih.org.ar\/anuario2021\/wp-content\/uploads\/2021\/06\/8-HFM-PLANTA-DE-CONJUNTO-384x216.jpeg 384w, https:\/\/aadaih.org.ar\/anuario2021\/wp-content\/uploads\/2021\/06\/8-HFM-PLANTA-DE-CONJUNTO-364x205.jpeg 364w, https:\/\/aadaih.org.ar\/anuario2021\/wp-content\/uploads\/2021\/06\/8-HFM-PLANTA-DE-CONJUNTO-561x316.jpeg 561w, https:\/\/aadaih.org.ar\/anuario2021\/wp-content\/uploads\/2021\/06\/8-HFM-PLANTA-DE-CONJUNTO-265x149.jpeg 265w, https:\/\/aadaih.org.ar\/anuario2021\/wp-content\/uploads\/2021\/06\/8-HFM-PLANTA-DE-CONJUNTO-531x299.jpeg 531w, https:\/\/aadaih.org.ar\/anuario2021\/wp-content\/uploads\/2021\/06\/8-HFM-PLANTA-DE-CONJUNTO-608x342.jpeg 608w, https:\/\/aadaih.org.ar\/anuario2021\/wp-content\/uploads\/2021\/06\/8-HFM-PLANTA-DE-CONJUNTO-758x426.jpeg 758w, https:\/\/aadaih.org.ar\/anuario2021\/wp-content\/uploads\/2021\/06\/8-HFM-PLANTA-DE-CONJUNTO-85x48.jpeg 85w, https:\/\/aadaih.org.ar\/anuario2021\/wp-content\/uploads\/2021\/06\/8-HFM-PLANTA-DE-CONJUNTO-171x96.jpeg 171w, https:\/\/aadaih.org.ar\/anuario2021\/wp-content\/uploads\/2021\/06\/8-HFM-PLANTA-DE-CONJUNTO-313x176.jpeg 313w, https:\/\/aadaih.org.ar\/anuario2021\/wp-content\/uploads\/2021\/06\/8-HFM-PLANTA-DE-CONJUNTO-600x338.jpeg 600w, https:\/\/aadaih.org.ar\/anuario2021\/wp-content\/uploads\/2021\/06\/8-HFM-PLANTA-DE-CONJUNTO.jpeg 984w\" sizes=\"(max-width: 728px) 100vw, 728px\" \/>\t\t<span class=\"mace-gallery-teaser-button\">\n\t\t\t<span class=\"g1-epsilon g1-epsilon-1st mace-gallery-teaser-button-text\">View Gallery<\/span>\n\t\t\t<span class=\"g1-meta mace-gallery-teaser-button-counter\">\n\t\t\t\t3 images\t\t\t<\/span>\n\t\t<\/span>\n\t<\/a>\n<\/figure>\n\n<p><strong>FICHA T\u00c9CNICA<\/strong><\/p>\n<p><strong>Obra:<\/strong> Hospital Faro del Mayab<\/p>\n<p><strong>Ubicaci\u00f3n:<\/strong> Calle 24 s\/n por 7 y 7A Col. Santa Gertrudis Cop\u00f3, M\u00e9rida, Yucat\u00e1n, M\u00e9xico.<\/p>\n<p><strong>Proyecto:<\/strong> 2015-2016<\/p>\n<p><strong>Construcci\u00f3n:<\/strong> 2016-2019<\/p>\n<p><strong>Superficie terreno:<\/strong> 15,000 m2<\/p>\n<p><strong>Superficie construida:<\/strong> 27,500 m2<\/p>\n<p><strong>Propietario:<\/strong> Hospital Faro del Mayab \/ Christus Muguerza<\/p>\n<p><strong>Proyecto Arquitect\u00f3nico:<\/strong> Grupo Arquitecture \/ Arq. Ricardo Combaluzier Medina, Arq. William Ram\u00edrez Pizarro, Arq. Josefina Rivas Acevedo, Arq. Mauro Ram\u00edrez Zapata, Arq. Luis de la Rosa y Palacios.<\/p>\n<p><strong>Colaboradores:<\/strong> Arq. Alma Villica\u00f1a Soberanes, Arq. Mariana Ayora Talavera, Arq. Zaira Beltr\u00e1n Madrid, Arq. Angel Castro G\u00f3mez, Arq. Edgar Ceballos Nah, Arq. Fabi\u00e1n Rosas Negr\u00f3n, Mauricio Espinosa Aguilar.<\/p>\n<p><strong>Dise\u00f1o Estructural:<\/strong> Ing. Rodolfo Jos\u00e9 Pascacio S\u00e1nchez<\/p>\n<p><strong>Instalaci\u00f3n El\u00e9ctrica:<\/strong> Ing. Rafael S\u00e1nchez Buenfil<\/p>\n<p><strong>Instalaci\u00f3n Hidrosanitaria:<\/strong> Ing. Sergio Villalobos Cob<\/p>\n<p><strong>Aire Acondicionado:<\/strong> Ing. Pedro Ponce Palomeque<\/p>\n<p><strong>Instalaciones Especiales:<\/strong> Ing. Mois\u00e9s Mdahuar D\u00e1ger<\/p>\n<p><strong>Iluminaci\u00f3n:<\/strong> Arq. Landy Moreno S\u00e1nchez<\/p>\n<p><strong>Gases Medicinales:<\/strong> Ing. Felipe Bustamante G\u00f3mez<\/p>\n<p><strong>Gas LP:<\/strong> Ing. David Robertson Pesado<\/p>\n<p><strong>Gu\u00edas Mec\u00e1nicas:<\/strong> Arq. Silvia Escalona<\/p>\n<p><strong>Muros Prefabricados de Concreto:<\/strong> Ing. Enrique Escalante Galaz<\/p>\n<p><strong>Arquitectura del Paisaje:<\/strong> Arq. Beatriz Vargas \u00c1vila<\/p>\n<p><strong>Mobiliario de Dise\u00f1o:<\/strong> D.I. Raymundo Serrano Nava<\/p>\n<p><strong>Mobiliario Modular:<\/strong> Arq. Rafael Pi\u00f1a Pard\u00edo<\/p>\n<p><strong>Canceler\u00eda:<\/strong> Sypasa<\/p>\n<p>&nbsp;<\/p>\n<hr \/>\n<p><strong>Reconocimientos <\/strong><\/p>\n<p><em>The Best 5 Projects. International Building Awards 2020 International Federation of Healthcare Engineering (IFHE). Roma, 2021. 1er Lugar Categor\u00eda Obra Construida: Corporativos, Oficinas e Instituciones. IV Bienal Latinoamericana de Arquitectura de Paisaje. M\u00e9xico, 2020. Medalla de Plata Categor\u00eda Salud. XVI Bienal Nacional de Arquitectura Mexicana. M\u00e9xico, 2020. Segundo Lugar Categor\u00eda Obra Institucional. Premio Noldi Schreck 2020 Hospital Faro del Mayab. M\u00e9xico, 2021.<\/em><\/p>\n","protected":false},"excerpt":{"rendered":"<p>El concepto de dise\u00f1o se basa en la reinterpretaci\u00f3n contempor\u00e1nea de un pabell\u00f3n o mosquitero, elemento muy utilizado en zonas tropicales como medio de protecci\u00f3n de los insectos portadores de enfermedades. El proyecto est\u00e1 conformado por cuatro elementos: Un basamento que contiene las funciones cr\u00edticas del hospital. El pabell\u00f3n que envuelve y protege las \u00e1reas [&hellip;] <a class=\"g1-link g1-link-more\" href=\"https:\/\/aadaih.org.ar\/anuario2021\/2021\/06\/14\/hospital-faro-del-mayab-arquitectura-que-promueve-la-vida\/\">M\u00e1s<\/a><\/p>\n","protected":false},"author":1,"featured_media":5070,"comment_status":"open","ping_status":"open","sticky":false,"template":"","format":"standard","meta":{"footnotes":""},"categories":[146],"tags":[],"reaction":[],"adace-sponsor":[],"class_list":{"0":"post-5069","1":"post","2":"type-post","3":"status-publish","4":"format-standard","5":"has-post-thumbnail","7":"category-ifhe-international-building-award"},"wps_subtitle":"Quinto Premio","_links":{"self":[{"href":"https:\/\/aadaih.org.ar\/anuario2021\/wp-json\/wp\/v2\/posts\/5069","targetHints":{"allow":["GET"]}}],"collection":[{"href":"https:\/\/aadaih.org.ar\/anuario2021\/wp-json\/wp\/v2\/posts"}],"about":[{"href":"https:\/\/aadaih.org.ar\/anuario2021\/wp-json\/wp\/v2\/types\/post"}],"author":[{"embeddable":true,"href":"https:\/\/aadaih.org.ar\/anuario2021\/wp-json\/wp\/v2\/users\/1"}],"replies":[{"embeddable":true,"href":"https:\/\/aadaih.org.ar\/anuario2021\/wp-json\/wp\/v2\/comments?post=5069"}],"version-history":[{"count":3,"href":"https:\/\/aadaih.org.ar\/anuario2021\/wp-json\/wp\/v2\/posts\/5069\/revisions"}],"predecessor-version":[{"id":5084,"href":"https:\/\/aadaih.org.ar\/anuario2021\/wp-json\/wp\/v2\/posts\/5069\/revisions\/5084"}],"wp:featuredmedia":[{"embeddable":true,"href":"https:\/\/aadaih.org.ar\/anuario2021\/wp-json\/wp\/v2\/media\/5070"}],"wp:attachment":[{"href":"https:\/\/aadaih.org.ar\/anuario2021\/wp-json\/wp\/v2\/media?parent=5069"}],"wp:term":[{"taxonomy":"category","embeddable":true,"href":"https:\/\/aadaih.org.ar\/anuario2021\/wp-json\/wp\/v2\/categories?post=5069"},{"taxonomy":"post_tag","embeddable":true,"href":"https:\/\/aadaih.org.ar\/anuario2021\/wp-json\/wp\/v2\/tags?post=5069"},{"taxonomy":"reaction","embeddable":true,"href":"https:\/\/aadaih.org.ar\/anuario2021\/wp-json\/wp\/v2\/reaction?post=5069"},{"taxonomy":"adace-sponsor","embeddable":true,"href":"https:\/\/aadaih.org.ar\/anuario2021\/wp-json\/wp\/v2\/adace-sponsor?post=5069"}],"curies":[{"name":"wp","href":"https:\/\/api.w.org\/{rel}","templated":true}]}}