{"id":5175,"date":"2021-06-17T12:35:20","date_gmt":"2021-06-17T15:35:20","guid":{"rendered":"https:\/\/aadaih.org.ar\/anuario2021\/?p=5175"},"modified":"2022-06-03T17:33:59","modified_gmt":"2022-06-03T20:33:59","slug":"desarrollo-de-un-ambicioso-y-complejo-programa-medico","status":"publish","type":"post","link":"https:\/\/aadaih.org.ar\/anuario2021\/2021\/06\/17\/desarrollo-de-un-ambicioso-y-complejo-programa-medico\/","title":{"rendered":"Desarrollo de un ambicioso y complejo programa m\u00e9dico"},"content":{"rendered":"<p>En varias ciudades del interior del pa\u00eds se est\u00e1n realizando estudios de factibilidad y planes maestros tendientes a desarrollar emprendimientos en servicios de salud que incorporen pr\u00e1cticas m\u00e9dicas y tecnolog\u00eda que para obtenerlas obligan a sus habitantes a trasladarse a grandes centros urbanos.<\/p>\n<p>Situaciones como la que atravesamos actualmente nos interpelan respecto de la necesidad de descentralizar la atenci\u00f3n de los sistemas de salud, acerc\u00e1ndolos y prepar\u00e1ndolos para la atenci\u00f3n de la demanda local.<\/p>\n<p>El proyecto del Hospital Privado de Tucum\u00e1n surge como respuesta a esta necesidad en el marco de un progresivo proceso de expansi\u00f3n que se repite en varios conglomerados urbanos del pa\u00eds.<\/p>\n<p>En las afueras de la ciudad de San Miguel de Tucum\u00e1n se encuentra, en un predio de 6 hect\u00e1reas, el sitio adecuado para desarrollar un ambicioso y complejo programa m\u00e9dico, que aspira a convertirse en un polo de desarrollo m\u00e9dico-cient\u00edfico de vanguardia acercando a los habitantes del NOA altos niveles de calidad en prestaciones de salud.<\/p>\n<figure id=\"attachment_5178\" aria-describedby=\"caption-attachment-5178\" style=\"width: 1181px\" class=\"wp-caption alignnone\"><img fetchpriority=\"high\" decoding=\"async\" data-expand=\"600\" class=\"lazyload size-full wp-image-5178\" src=\"data:image\/svg+xml;charset=utf-8,%3Csvg xmlns%3D'http%3A%2F%2Fwww.w3.org%2F2000%2Fsvg' viewBox%3D'0 0 1181 675'%2F%3E\" data-src=\"https:\/\/aadaih.org.ar\/anuario2021\/wp-content\/uploads\/2021\/06\/Foto-2-5.jpg\" alt=\"Im\u00e1genes a nivel peatonal del proyecto que propone un polo de desarrollo m\u00e9dico-cient\u00edfico de vanguardia\" width=\"1181\" height=\"675\" \/><figcaption id=\"caption-attachment-5178\" class=\"wp-caption-text\">Im\u00e1genes a nivel peatonal del proyecto que propone un polo de desarrollo m\u00e9dico-cient\u00edfico de vanguardia<\/figcaption><\/figure>\n<p>Este nuevo complejo hospitalario plantea un modelo que busca, no s\u00f3lo responder a los requerimientos m\u00e9dicos, sino tambi\u00e9n dar respuestas al entorno, integr\u00e1ndose a la nueva trama urbana en desarrollo y generando v\u00edas de acceso adecuadas, retiros, sendas peatonales, bulevares y espacios verdes amplios.<\/p>\n<p>El dise\u00f1o pretende colaborar desde la arquitectura en sanar y enriquecer el entorno.<\/p>\n<p>Factores de orientaci\u00f3n fueron determinantes en la implantaci\u00f3n del edificio, junto con el dise\u00f1o de aleros, parasoles y quiebravistas que constituyen recursos pasivos aplicados al dise\u00f1o bioclim\u00e1tico sustentable.<\/p>\n<p>Interactuando con su entorno natural, aprovecha las vistas hacia los cerros circundantes, propone patios, terrazas verdes y establece zonas de contenci\u00f3n de aguas para las \u00e9pocas con reg\u00edmenes de lluvia intensos.<\/p>\n<p>La volumetr\u00eda del edificio se compone de un basamento y una placa vertical.<\/p>\n<figure id=\"attachment_5179\" aria-describedby=\"caption-attachment-5179\" style=\"width: 1181px\" class=\"wp-caption alignnone\"><img decoding=\"async\" data-expand=\"600\" class=\"lazyload size-full wp-image-5179\" src=\"data:image\/svg+xml;charset=utf-8,%3Csvg xmlns%3D'http%3A%2F%2Fwww.w3.org%2F2000%2Fsvg' viewBox%3D'0 0 1181 675'%2F%3E\" data-src=\"https:\/\/aadaih.org.ar\/anuario2021\/wp-content\/uploads\/2021\/06\/Foto-3-6.jpg\" alt=\"Im\u00e1genes a nivel peatonal del proyecto que propone un polo de desarrollo m\u00e9dico-cient\u00edfico de vanguardia\" width=\"1181\" height=\"675\" \/><figcaption id=\"caption-attachment-5179\" class=\"wp-caption-text\">Im\u00e1genes a nivel peatonal del proyecto que propone un polo de desarrollo m\u00e9dico-cient\u00edfico de vanguardia<\/figcaption><\/figure>\n<p>El basamento est\u00e1 organizado en dos niveles a lo largo de un eje circulatorio que articula dos sectores diferenciados, los consultorios externos al frente, directamente vinculados al acceso p\u00fablico, y las \u00e1reas de mayor complejidad (Guardia, y Diagn\u00f3stico por Im\u00e1genes y Centro Quir\u00fargico) retiradas y conectadas con el acceso y la circulaci\u00f3n t\u00e9cnica.<\/p>\n<p>Este eje constituye una calle interior que se desdobla a trav\u00e9s de una rampa en dos niveles, y en su recorrido lineal favorece la orientaci\u00f3n del p\u00fablico y alterna \u00e1reas de orientaci\u00f3n y admisi\u00f3n con esperas y patios ajardinados.<\/p>\n<p>Sobre el cuerpo principal del basamento se elevan las plantas organizadas verticalmente seg\u00fan su nivel de complejidad, ubic\u00e1ndose en los niveles inferiores los cuidados cr\u00edticos y en los superiores las internaciones.<\/p>\n<p>El sistema de transporte vertical conforma un n\u00facleo resuelto como pivot central entre las dos etapas de construcci\u00f3n del edificio. Constituido por dos bater\u00edas de ascensores diferenciadas, una de ellas conecta todos los halles p\u00fablicos y la otra todas las \u00e1reas t\u00e9cnicas con capacidad para trasladar pacientes cr\u00edticos a los servicios de emergencia, cirug\u00eda y terapia intensiva.<\/p>\n<p>Por tratarse de un \u00e1rea s\u00edsmica se resolvi\u00f3 la estructura con un sistema de tabiques antis\u00edsmicos que, ubicados estrat\u00e9gicamente, respetan la flexibilidad deseada. Asimismo la estructura contempla losas sin vigas que dan libertad al paso de las instalaciones.<\/p>\n<p>El proyecto contempla la ejecuci\u00f3n en etapas con posibilidades de crecimiento futuro y flexibilidad para adecuarse a los cambios tecnol\u00f3gicos que se aplican en la medicina moderna.<\/p>\n<figure class=\"mace-gallery-teaser\"\n\tid=\"mace-gallery-5175-1\"\n\tdata-g1-gallery-title=\"\"\n\tdata-g1-gallery=\"[{&quot;type&quot;:&quot;image&quot;,&quot;id&quot;:5180,&quot;title&quot;:&quot;Planta del Primer Subsuelo&quot;,&quot;thumbnail&quot;:&quot;https:\\\/\\\/aadaih.org.ar\\\/anuario2021\\\/wp-content\\\/uploads\\\/2021\\\/06\\\/Foto-4-6-150x150.jpg&quot;,&quot;3-2-thumbnail&quot;:&quot;https:\\\/\\\/aadaih.org.ar\\\/anuario2021\\\/wp-content\\\/uploads\\\/2021\\\/06\\\/Foto-4-6-180x120.jpg&quot;,&quot;full&quot;:&quot;https:\\\/\\\/aadaih.org.ar\\\/anuario2021\\\/wp-content\\\/uploads\\\/2021\\\/06\\\/Foto-4-6.jpg&quot;},{&quot;type&quot;:&quot;image&quot;,&quot;id&quot;:5181,&quot;title&quot;:&quot;Planta Baja&quot;,&quot;thumbnail&quot;:&quot;https:\\\/\\\/aadaih.org.ar\\\/anuario2021\\\/wp-content\\\/uploads\\\/2021\\\/06\\\/Foto-5-6-150x150.jpg&quot;,&quot;3-2-thumbnail&quot;:&quot;https:\\\/\\\/aadaih.org.ar\\\/anuario2021\\\/wp-content\\\/uploads\\\/2021\\\/06\\\/Foto-5-6-180x120.jpg&quot;,&quot;full&quot;:&quot;https:\\\/\\\/aadaih.org.ar\\\/anuario2021\\\/wp-content\\\/uploads\\\/2021\\\/06\\\/Foto-5-6.jpg&quot;},{&quot;type&quot;:&quot;image&quot;,&quot;id&quot;:5182,&quot;title&quot;:&quot;Planta del Primer Piso&quot;,&quot;thumbnail&quot;:&quot;https:\\\/\\\/aadaih.org.ar\\\/anuario2021\\\/wp-content\\\/uploads\\\/2021\\\/06\\\/Foto-6-6-150x150.jpg&quot;,&quot;3-2-thumbnail&quot;:&quot;https:\\\/\\\/aadaih.org.ar\\\/anuario2021\\\/wp-content\\\/uploads\\\/2021\\\/06\\\/Foto-6-6-180x120.jpg&quot;,&quot;full&quot;:&quot;https:\\\/\\\/aadaih.org.ar\\\/anuario2021\\\/wp-content\\\/uploads\\\/2021\\\/06\\\/Foto-6-6.jpg&quot;},{&quot;type&quot;:&quot;image&quot;,&quot;id&quot;:5183,&quot;title&quot;:&quot;Planta del Segundo Piso&quot;,&quot;thumbnail&quot;:&quot;https:\\\/\\\/aadaih.org.ar\\\/anuario2021\\\/wp-content\\\/uploads\\\/2021\\\/06\\\/Foto-7-5-150x150.jpg&quot;,&quot;3-2-thumbnail&quot;:&quot;https:\\\/\\\/aadaih.org.ar\\\/anuario2021\\\/wp-content\\\/uploads\\\/2021\\\/06\\\/Foto-7-5-180x120.jpg&quot;,&quot;full&quot;:&quot;https:\\\/\\\/aadaih.org.ar\\\/anuario2021\\\/wp-content\\\/uploads\\\/2021\\\/06\\\/Foto-7-5.jpg&quot;},{&quot;type&quot;:&quot;image&quot;,&quot;id&quot;:5184,&quot;title&quot;:&quot;Planta del Tercer Piso&quot;,&quot;thumbnail&quot;:&quot;https:\\\/\\\/aadaih.org.ar\\\/anuario2021\\\/wp-content\\\/uploads\\\/2021\\\/06\\\/Foto-8-4-150x150.jpg&quot;,&quot;3-2-thumbnail&quot;:&quot;https:\\\/\\\/aadaih.org.ar\\\/anuario2021\\\/wp-content\\\/uploads\\\/2021\\\/06\\\/Foto-8-4-180x120.jpg&quot;,&quot;full&quot;:&quot;https:\\\/\\\/aadaih.org.ar\\\/anuario2021\\\/wp-content\\\/uploads\\\/2021\\\/06\\\/Foto-8-4.jpg&quot;},{&quot;type&quot;:&quot;image&quot;,&quot;id&quot;:5185,&quot;title&quot;:&quot;Planta del Cuarto Piso&quot;,&quot;thumbnail&quot;:&quot;https:\\\/\\\/aadaih.org.ar\\\/anuario2021\\\/wp-content\\\/uploads\\\/2021\\\/06\\\/Foto-9-3-150x150.jpg&quot;,&quot;3-2-thumbnail&quot;:&quot;https:\\\/\\\/aadaih.org.ar\\\/anuario2021\\\/wp-content\\\/uploads\\\/2021\\\/06\\\/Foto-9-3-180x120.jpg&quot;,&quot;full&quot;:&quot;https:\\\/\\\/aadaih.org.ar\\\/anuario2021\\\/wp-content\\\/uploads\\\/2021\\\/06\\\/Foto-9-3.jpg&quot;},{&quot;type&quot;:&quot;image&quot;,&quot;id&quot;:5186,&quot;title&quot;:&quot;Planta del S\\u00e9ptimo Piso&quot;,&quot;thumbnail&quot;:&quot;https:\\\/\\\/aadaih.org.ar\\\/anuario2021\\\/wp-content\\\/uploads\\\/2021\\\/06\\\/Foto-10-3-150x150.jpg&quot;,&quot;3-2-thumbnail&quot;:&quot;https:\\\/\\\/aadaih.org.ar\\\/anuario2021\\\/wp-content\\\/uploads\\\/2021\\\/06\\\/Foto-10-3-180x120.jpg&quot;,&quot;full&quot;:&quot;https:\\\/\\\/aadaih.org.ar\\\/anuario2021\\\/wp-content\\\/uploads\\\/2021\\\/06\\\/Foto-10-3-scaled.jpg&quot;}]\"\n\tdata-g1-share-shortlink=\"https:\/\/aadaih.org.ar\/anuario2021\/2021\/06\/17\/desarrollo-de-un-ambicioso-y-complejo-programa-medico\/#mace-gallery-5175-1\"\n\t>\n\t<a class=\"mace-gallery-teaser-poster\">\n\t\t<img decoding=\"async\" width=\"728\" height=\"409\" src=\"https:\/\/aadaih.org.ar\/anuario2021\/wp-content\/uploads\/2021\/06\/Foto-4-6-728x409.jpg\" class=\"attachment-bimber-grid-standard-2x size-bimber-grid-standard-2x\" alt=\"Planta del Primer Subsuelo\" srcset=\"https:\/\/aadaih.org.ar\/anuario2021\/wp-content\/uploads\/2021\/06\/Foto-4-6-728x409.jpg 728w, https:\/\/aadaih.org.ar\/anuario2021\/wp-content\/uploads\/2021\/06\/Foto-4-6-192x108.jpg 192w, https:\/\/aadaih.org.ar\/anuario2021\/wp-content\/uploads\/2021\/06\/Foto-4-6-384x216.jpg 384w, https:\/\/aadaih.org.ar\/anuario2021\/wp-content\/uploads\/2021\/06\/Foto-4-6-364x205.jpg 364w, https:\/\/aadaih.org.ar\/anuario2021\/wp-content\/uploads\/2021\/06\/Foto-4-6-561x316.jpg 561w, https:\/\/aadaih.org.ar\/anuario2021\/wp-content\/uploads\/2021\/06\/Foto-4-6-1122x631.jpg 1122w, https:\/\/aadaih.org.ar\/anuario2021\/wp-content\/uploads\/2021\/06\/Foto-4-6-758x426.jpg 758w, https:\/\/aadaih.org.ar\/anuario2021\/wp-content\/uploads\/2021\/06\/Foto-4-6-1152x648.jpg 1152w\" sizes=\"(max-width: 728px) 100vw, 728px\" \/>\t\t<span class=\"mace-gallery-teaser-button\">\n\t\t\t<span class=\"g1-epsilon g1-epsilon-1st mace-gallery-teaser-button-text\">View Gallery<\/span>\n\t\t\t<span class=\"g1-meta mace-gallery-teaser-button-counter\">\n\t\t\t\t7 images\t\t\t<\/span>\n\t\t<\/span>\n\t<\/a>\n<\/figure>\n\n<p><strong>\u00a0\u00a0\u00a0\u00a0\u00a0\u00a0\u00a0\u00a0\u00a0\u00a0\u00a0\u00a0\u00a0\u00a0\u00a0\u00a0\u00a0\u00a0\u00a0\u00a0\u00a0\u00a0 <\/strong><\/p>\n<p>&nbsp;<\/p>\n<figure id=\"attachment_5187\" aria-describedby=\"caption-attachment-5187\" style=\"width: 1772px\" class=\"wp-caption alignnone\"><img loading=\"lazy\" decoding=\"async\" data-expand=\"600\" class=\"lazyload size-full wp-image-5187\" src=\"data:image\/svg+xml;charset=utf-8,%3Csvg xmlns%3D'http%3A%2F%2Fwww.w3.org%2F2000%2Fsvg' viewBox%3D'0 0 1772 626'%2F%3E\" data-src=\"https:\/\/aadaih.org.ar\/anuario2021\/wp-content\/uploads\/2021\/06\/Foto-11-3.jpg\" alt=\"Corte Longitudinal\" width=\"1772\" height=\"626\" \/><figcaption id=\"caption-attachment-5187\" class=\"wp-caption-text\">Corte Longitudinal<\/figcaption><\/figure>\n<figure id=\"attachment_5188\" aria-describedby=\"caption-attachment-5188\" style=\"width: 686px\" class=\"wp-caption alignnone\"><img loading=\"lazy\" decoding=\"async\" data-expand=\"600\" class=\"lazyload  wp-image-5188\" src=\"data:image\/svg+xml;charset=utf-8,%3Csvg xmlns%3D'http%3A%2F%2Fwww.w3.org%2F2000%2Fsvg' viewBox%3D'0 0 686 485'%2F%3E\" data-src=\"https:\/\/aadaih.org.ar\/anuario2021\/wp-content\/uploads\/2021\/06\/Foto-12-3.jpg\" alt=\"Corte Transversal\" width=\"686\" height=\"485\" \/><figcaption id=\"caption-attachment-5188\" class=\"wp-caption-text\">Corte Transversal<\/figcaption><\/figure>\n<p>&nbsp;<\/p>\n<p><strong>FICHA TECNICA<\/strong><\/p>\n<p><strong>Obra<\/strong>: Hospital Privado de Tucum\u00e1n.<\/p>\n<p><strong>Tipolog\u00eda<\/strong>: Edificio nuevo, Primera Etapa 18.275 m2., Segunda etapa 7.200 m2.<\/p>\n<p><strong>Ubicaci\u00f3n<\/strong>: Corrientes y V\u00edctor Andrade, Yerba Buena, San Miguel de Tucum\u00e1n.<\/p>\n<p><strong>Comitente<\/strong>: Sanatorio 9 de Julio.<\/p>\n<p><strong>Proyecto<\/strong>: AFS Arquitectos (Arqs. Liliana Font, Alfredo Sartorio, Javier Sartorio, Marcelo Fattorini).<\/p>\n<p><strong>Estudio Asociado:<\/strong> Arqs. Paula D\u00b4Argenio, Nicol\u00e1s Sarav\u00ed Cisneros.<\/p>\n<p><strong>Asesores<\/strong>: Estructura: Ings. E. Gal\u00edndez, Lautaro Ar\u00e9valo Soldati; Termomec\u00e1nica: Arq. Carlos L\u00f3pez; Instalaci\u00f3n Sanitaria: Arq. Daniel Bruno; Instalaci\u00f3n El\u00e9ctrica: Ing. Juan Carlos De Mar\u00eda.<\/p>\n<p><strong>Equipo de Proyecto<\/strong>: Arqs. Liliana Font, Marcelo Fattorini, Paula D\u00b4Argenio, Nicolas Sarav\u00ed Cisneros, Federico Fioressi, Christian Cammilleri, Gabriel Canero, Macarena Darino.<\/p>\n<p>&nbsp;<\/p>\n<hr \/>\n<p><em><strong>Marcelo Fattorini <\/strong>es arquitecto, FAU, Universidad de Buenos Aires. Socio de AFS Arquitectos, Estudio especializado en Planificaci\u00f3n y Dise\u00f1o Hospitalario. Como docente ha participado en cursos de posgrado y especializaci\u00f3n como la Universidad de la Fundaci\u00f3n Favaloro, UCES (Universidad de Ciencias Empresariales y Sociales), UBA.<\/em><\/p>\n<p>&nbsp;<\/p>\n<p>&nbsp;<\/p>\n","protected":false},"excerpt":{"rendered":"<p>En varias ciudades del interior del pa\u00eds se est\u00e1n realizando estudios de factibilidad y planes maestros tendientes a desarrollar emprendimientos en servicios de salud que incorporen pr\u00e1cticas m\u00e9dicas y tecnolog\u00eda que para obtenerlas obligan a sus habitantes a trasladarse a grandes centros urbanos. Situaciones como la que atravesamos actualmente nos interpelan respecto de la necesidad [&hellip;] <a class=\"g1-link g1-link-more\" href=\"https:\/\/aadaih.org.ar\/anuario2021\/2021\/06\/17\/desarrollo-de-un-ambicioso-y-complejo-programa-medico\/\">M\u00e1s<\/a><\/p>\n","protected":false},"author":1,"featured_media":5177,"comment_status":"open","ping_status":"open","sticky":false,"template":"","format":"standard","meta":{"footnotes":""},"categories":[148],"tags":[],"reaction":[],"adace-sponsor":[],"class_list":{"0":"post-5175","1":"post","2":"type-post","3":"status-publish","4":"format-standard","5":"has-post-thumbnail","7":"category-hospital-privado-de-tucuman"},"wps_subtitle":"Arq. Marcelo Fattorini","_links":{"self":[{"href":"https:\/\/aadaih.org.ar\/anuario2021\/wp-json\/wp\/v2\/posts\/5175","targetHints":{"allow":["GET"]}}],"collection":[{"href":"https:\/\/aadaih.org.ar\/anuario2021\/wp-json\/wp\/v2\/posts"}],"about":[{"href":"https:\/\/aadaih.org.ar\/anuario2021\/wp-json\/wp\/v2\/types\/post"}],"author":[{"embeddable":true,"href":"https:\/\/aadaih.org.ar\/anuario2021\/wp-json\/wp\/v2\/users\/1"}],"replies":[{"embeddable":true,"href":"https:\/\/aadaih.org.ar\/anuario2021\/wp-json\/wp\/v2\/comments?post=5175"}],"version-history":[{"count":8,"href":"https:\/\/aadaih.org.ar\/anuario2021\/wp-json\/wp\/v2\/posts\/5175\/revisions"}],"predecessor-version":[{"id":5196,"href":"https:\/\/aadaih.org.ar\/anuario2021\/wp-json\/wp\/v2\/posts\/5175\/revisions\/5196"}],"wp:featuredmedia":[{"embeddable":true,"href":"https:\/\/aadaih.org.ar\/anuario2021\/wp-json\/wp\/v2\/media\/5177"}],"wp:attachment":[{"href":"https:\/\/aadaih.org.ar\/anuario2021\/wp-json\/wp\/v2\/media?parent=5175"}],"wp:term":[{"taxonomy":"category","embeddable":true,"href":"https:\/\/aadaih.org.ar\/anuario2021\/wp-json\/wp\/v2\/categories?post=5175"},{"taxonomy":"post_tag","embeddable":true,"href":"https:\/\/aadaih.org.ar\/anuario2021\/wp-json\/wp\/v2\/tags?post=5175"},{"taxonomy":"reaction","embeddable":true,"href":"https:\/\/aadaih.org.ar\/anuario2021\/wp-json\/wp\/v2\/reaction?post=5175"},{"taxonomy":"adace-sponsor","embeddable":true,"href":"https:\/\/aadaih.org.ar\/anuario2021\/wp-json\/wp\/v2\/adace-sponsor?post=5175"}],"curies":[{"name":"wp","href":"https:\/\/api.w.org\/{rel}","templated":true}]}}