{"id":5197,"date":"2021-06-17T12:59:51","date_gmt":"2021-06-17T15:59:51","guid":{"rendered":"https:\/\/aadaih.org.ar\/anuario2021\/?p=5197"},"modified":"2022-06-03T17:34:21","modified_gmt":"2022-06-03T20:34:21","slug":"la-transformacion-de-los-espacios-para-la-salud-y-las-vueltas-de-la-vida","status":"publish","type":"post","link":"https:\/\/aadaih.org.ar\/anuario2021\/2021\/06\/17\/la-transformacion-de-los-espacios-para-la-salud-y-las-vueltas-de-la-vida\/","title":{"rendered":"La transformaci\u00f3n de los espacios para la salud y las vueltas de la vida"},"content":{"rendered":"<p>En este espacio de reflexi\u00f3n y crecimiento profesional\u00a0 quiero\u00a0 compartir un par de\u00a0 fortuitas vivencias personales\u00a0 fuertemente ligadas a la transformaci\u00f3n de los hospitales, que expresan el impacto de las decisiones proyectuales.<\/p>\n<p>El Hospital \u201cDr. Enrique Torn\u00fa\u201d, desde su inauguraci\u00f3n en 1904 fue destinado al tratamiento y la internaci\u00f3n de pacientes con tuberculosis; con grandes galer\u00edas para propiciar los beneficios de la helioterapia. El paisajista Carlos Thays\u00a0 -creador de los m\u00e1s significativos\u00a0 espacios verdes de nuestro pa\u00eds- dise\u00f1\u00f3 los jardines\u00a0 que rodean a los pabellones,\u00a0 con la idea de contribuir a la sanaci\u00f3n y el bienestar de los internados. En la actualidad puede\u00a0 verse al personal, pacientes y familiares, disfrutar de ese reparador entorno,\u00a0 en particular cuando baja la actividad matinal del Hospital.<\/p>\n<p><strong>Episodio I<\/strong><\/p>\n<p>Hacia el final del siglo XX, la evoluci\u00f3n de los tratamientos de la TBC gener\u00f3 la posibilidad de tratar a los pacientes de forma ambulatoria luego de una corta estancia en el hospital. En 1987 el Hospital Torn\u00fa cambi\u00f3 su rol en la red de Hospitales P\u00fablicos de la Ciudad de Buenos Aires\u00a0 hacia su nuevo destino: Hospital General de Agudos.<\/p>\n<p>Producto de esa gran transformaci\u00f3n elaboramos en la Direcci\u00f3n de Recursos F\u00edsicos en Salud -Secretar\u00eda de Salud de la Municipalidad de Buenos Aires- un Nuevo Plan Maestro y un Plan Director de Obras; la primera de ellas, la Sala de Cl\u00ednica M\u00e9dica implicaba la reconversi\u00f3n de la original sala general\u00a0 en habitaciones con sanitarios.<\/p>\n<p>Como es frecuente, las autoridades ped\u00edan muchas camas. De todas las variantes estudiadas,\u00a0 la m\u00e1s rendidora era orientar las camas de espaldas a la ventana.\u00a0 Sin dudas, el equipo de proyecto prioriz\u00f3 que los pacientes pudieran tener visuales a ese singular espacio verde: fue duro pero ganamos la pulseada.<\/p>\n<p>A\u00f1os m\u00e1s tarde sucedi\u00f3 algo tan infrecuente como conmovedor:\u00a0 nos llega el\u00a0 comentario de un paciente internado en aquella sala de Cl\u00ednica M\u00e9dica:\u2026..\u201dno sabes lo bien que me hace mirar los \u00e1rboles por la ventana!\u201d.<\/p>\n<figure id=\"attachment_5201\" aria-describedby=\"caption-attachment-5201\" style=\"width: 787px\" class=\"wp-caption alignnone\"><img fetchpriority=\"high\" decoding=\"async\" data-expand=\"600\" class=\"lazyload size-full wp-image-5201\" src=\"data:image\/svg+xml;charset=utf-8,%3Csvg xmlns%3D'http%3A%2F%2Fwww.w3.org%2F2000%2Fsvg' viewBox%3D'0 0 787 1334'%2F%3E\" data-src=\"https:\/\/aadaih.org.ar\/anuario2021\/wp-content\/uploads\/2021\/06\/Foto-2-1.png\" alt=\"Foto de la galer\u00eda de la Unidad 7 de Cl\u00ednica M\u00e9dica\" width=\"787\" height=\"1334\" \/><figcaption id=\"caption-attachment-5201\" class=\"wp-caption-text\">Foto de la galer\u00eda de la Unidad 7 de Cl\u00ednica M\u00e9dica<\/figcaption><\/figure>\n<p><strong>Episodio II<\/strong><\/p>\n<p>Plena pandemia de COVID-19.<\/p>\n<p>Marzo, 2021. Vuelvo al Torn\u00fa por un familiar internado justo ah\u00ed, en Cl\u00ednica M\u00e9dica.<\/p>\n<p>La gesti\u00f3n se prolonga y en la espera\u2026.. LA FOTO!!<\/p>\n<p>Durante los meses siguientes a la aparici\u00f3n del coronavirus, los arquitectos en equipos de salud elaboramos todo tipo de recomendaciones, protocolos y adaptaciones hospitalarias\u00a0 para dar respuesta a esta pandemia y a futuras contingencias.<\/p>\n<p>En los \u201cIntercambios\u201d de AADAIH se plantearon alternativas de diverso orden y escala y una de ellas\u00a0 -intervenci\u00f3n del Arq. Jorge Bello- consist\u00eda en la posibilidad de plantear galer\u00edas perimetrales a las salas para posibilitar el contacto de los pacientes con sus familiares. Mencion\u00e9 entonces con entusiasmo las posibilidades que ten\u00eda el Torn\u00fa; como tantos hospitales \u2013 los de C\u00f3rdoba por ejemplo-\u00a0 asociados a las virtudes terap\u00e9uticas del sol y el buen clima en las \u00e9pocas pre-antibi\u00f3ticas.<\/p>\n<p>Y esa fue la foto!!\u00a0 En la visita pude registrar ese necesario encuentro del paciente y su familia a trav\u00e9s de las amplias galer\u00edas perimetrales de la sala.<\/p>\n<p>Se dio tambi\u00e9n la posibilidad de hablar con los m\u00e9dicos, que expresaron su satisfacci\u00f3n\u00a0 con la sala y las adaptaciones que fueron posibles gracias a la estructura del edificio.<\/p>\n<p><strong>Episodio III<\/strong><\/p>\n<p>En la b\u00fasqueda de m\u00e1s informaci\u00f3n, surgi\u00f3 la oportunidad de dar con fuentes primarias: el Dr. Guillermo Mac\u00edas -asesor de la Direcci\u00f3n del Hospital Torn\u00fa- y un equipo de profesionales, hab\u00edan programado los flujos circulatorios espec\u00edficos COVID-19. Reunidos en esa tarea -en pleno parque del hospital- celebraron la posibilidad de encontrar f\u00e1cil respuesta a los requerimientos, en relaci\u00f3n a la que pudiera ofrecer un hospital del tipo vertical. Despu\u00e9s de todo piensan\u2026.\u201dnaci\u00f3 para infecciosas y ahora se adapta a infecciosas\u201d.<\/p>\n<p>Un nuevo relato sigue dando color a esta historia: anualmente un conjunto musical daba un concierto en el hospital; el 2020 con sus incertidumbres alej\u00f3 esa posibilidad, pero en el 2021 las galer\u00edas de cada pabell\u00f3n fueron el escenario elegido.<\/p>\n<figure id=\"attachment_5202\" aria-describedby=\"caption-attachment-5202\" style=\"width: 640px\" class=\"wp-caption alignnone\"><img decoding=\"async\" data-expand=\"600\" class=\"lazyload size-full wp-image-5202\" src=\"data:image\/svg+xml;charset=utf-8,%3Csvg xmlns%3D'http%3A%2F%2Fwww.w3.org%2F2000%2Fsvg' viewBox%3D'0 0 640 504'%2F%3E\" data-src=\"https:\/\/aadaih.org.ar\/anuario2021\/wp-content\/uploads\/2021\/06\/planta-1.png\" alt=\"Esquema de organizaci\u00f3n del pabell\u00f3n\" width=\"640\" height=\"504\" \/><figcaption id=\"caption-attachment-5202\" class=\"wp-caption-text\">Esquema de organizaci\u00f3n del pabell\u00f3n<\/figcaption><\/figure>\n<figure class=\"mace-gallery-teaser\"\n\tid=\"mace-gallery-5197-1\"\n\tdata-g1-gallery-title=\"\"\n\tdata-g1-gallery=\"[{&quot;type&quot;:&quot;image&quot;,&quot;id&quot;:5203,&quot;title&quot;:&quot;Esquema de organizaci\\u00f3n del pabell\\u00f3n&quot;,&quot;thumbnail&quot;:&quot;https:\\\/\\\/aadaih.org.ar\\\/anuario2021\\\/wp-content\\\/uploads\\\/2021\\\/06\\\/planta-2-150x150.png&quot;,&quot;3-2-thumbnail&quot;:&quot;https:\\\/\\\/aadaih.org.ar\\\/anuario2021\\\/wp-content\\\/uploads\\\/2021\\\/06\\\/planta-2-180x120.png&quot;,&quot;full&quot;:&quot;https:\\\/\\\/aadaih.org.ar\\\/anuario2021\\\/wp-content\\\/uploads\\\/2021\\\/06\\\/planta-2.png&quot;},{&quot;type&quot;:&quot;image&quot;,&quot;id&quot;:5204,&quot;title&quot;:&quot;Esquema de organizaci\\u00f3n del pabell\\u00f3n&quot;,&quot;thumbnail&quot;:&quot;https:\\\/\\\/aadaih.org.ar\\\/anuario2021\\\/wp-content\\\/uploads\\\/2021\\\/06\\\/planta-3-150x150.png&quot;,&quot;3-2-thumbnail&quot;:&quot;https:\\\/\\\/aadaih.org.ar\\\/anuario2021\\\/wp-content\\\/uploads\\\/2021\\\/06\\\/planta-3-180x120.png&quot;,&quot;full&quot;:&quot;https:\\\/\\\/aadaih.org.ar\\\/anuario2021\\\/wp-content\\\/uploads\\\/2021\\\/06\\\/planta-3.png&quot;},{&quot;type&quot;:&quot;image&quot;,&quot;id&quot;:5205,&quot;title&quot;:&quot;Esquema de organizaci\\u00f3n del pabell\\u00f3n&quot;,&quot;thumbnail&quot;:&quot;https:\\\/\\\/aadaih.org.ar\\\/anuario2021\\\/wp-content\\\/uploads\\\/2021\\\/06\\\/planta-4-150x150.png&quot;,&quot;3-2-thumbnail&quot;:&quot;https:\\\/\\\/aadaih.org.ar\\\/anuario2021\\\/wp-content\\\/uploads\\\/2021\\\/06\\\/planta-4-180x120.png&quot;,&quot;full&quot;:&quot;https:\\\/\\\/aadaih.org.ar\\\/anuario2021\\\/wp-content\\\/uploads\\\/2021\\\/06\\\/planta-4.png&quot;},{&quot;type&quot;:&quot;image&quot;,&quot;id&quot;:5206,&quot;title&quot;:&quot;Esquema de organizaci\\u00f3n del pabell\\u00f3n&quot;,&quot;thumbnail&quot;:&quot;https:\\\/\\\/aadaih.org.ar\\\/anuario2021\\\/wp-content\\\/uploads\\\/2021\\\/06\\\/planta-5-150x150.png&quot;,&quot;3-2-thumbnail&quot;:&quot;https:\\\/\\\/aadaih.org.ar\\\/anuario2021\\\/wp-content\\\/uploads\\\/2021\\\/06\\\/planta-5-180x120.png&quot;,&quot;full&quot;:&quot;https:\\\/\\\/aadaih.org.ar\\\/anuario2021\\\/wp-content\\\/uploads\\\/2021\\\/06\\\/planta-5.png&quot;},{&quot;type&quot;:&quot;image&quot;,&quot;id&quot;:5207,&quot;title&quot;:&quot;Esquema de organizaci\\u00f3n del pabell\\u00f3n&quot;,&quot;thumbnail&quot;:&quot;https:\\\/\\\/aadaih.org.ar\\\/anuario2021\\\/wp-content\\\/uploads\\\/2021\\\/06\\\/planta-6-150x150.png&quot;,&quot;3-2-thumbnail&quot;:&quot;https:\\\/\\\/aadaih.org.ar\\\/anuario2021\\\/wp-content\\\/uploads\\\/2021\\\/06\\\/planta-6-180x120.png&quot;,&quot;full&quot;:&quot;https:\\\/\\\/aadaih.org.ar\\\/anuario2021\\\/wp-content\\\/uploads\\\/2021\\\/06\\\/planta-6.png&quot;}]\"\n\tdata-g1-share-shortlink=\"https:\/\/aadaih.org.ar\/anuario2021\/2021\/06\/17\/la-transformacion-de-los-espacios-para-la-salud-y-las-vueltas-de-la-vida\/#mace-gallery-5197-1\"\n\t>\n\t<a class=\"mace-gallery-teaser-poster\">\n\t\t<img decoding=\"async\" width=\"640\" height=\"409\" src=\"https:\/\/aadaih.org.ar\/anuario2021\/wp-content\/uploads\/2021\/06\/planta-2-640x409.png\" class=\"attachment-bimber-grid-standard-2x size-bimber-grid-standard-2x\" alt=\"Esquema de organizaci\u00f3n del pabell\u00f3n\" \/>\t\t<span class=\"mace-gallery-teaser-button\">\n\t\t\t<span class=\"g1-epsilon g1-epsilon-1st mace-gallery-teaser-button-text\">View Gallery<\/span>\n\t\t\t<span class=\"g1-meta mace-gallery-teaser-button-counter\">\n\t\t\t\t5 images\t\t\t<\/span>\n\t\t<\/span>\n\t<\/a>\n<\/figure>\n\n<p><strong>Ep\u00edlogo<\/strong><\/p>\n<p>Despu\u00e9s de tantos recorridos,\u00a0 proyectos y obras hospitalarias se va sumando al goce profesional de lo hecho, un entramado emocional con esas paredes y con la idea de servicio que impregna nuestra tarea.<\/p>\n<p>El Hospital Torn\u00fa y las vueltas de la vida me otorgan ese beneficio.<\/p>\n<p>&nbsp;<\/p>\n<hr \/>\n<p><em><strong>Arq. Alicia Preide <\/strong>es especialista en Planificaci\u00f3n del Recurso F\u00edsico en Salud. FADU-UBA. Presidenta AADAIH 2016-2018. Directora Diplomaturas \u201cSustentabilidad de Espacios para la Salud I y II\u201d. AADAIH-UGR. Docente e investigadora: UBA, UB, UNLaM, UNM. Integrante del equipo formulador de la Carrera de Medicina de la UNLaM. Disertante invitada: Uruguay, Ecuador, Colombia, Chile y Brasil. Consultor independiente en arquitectura hospitalaria y temas de ambiente y salud; con intervenciones en m\u00e1s de 50 edificios hospitalarios.<\/em><\/p>\n<p>&nbsp;<\/p>\n","protected":false},"excerpt":{"rendered":"<p>En este espacio de reflexi\u00f3n y crecimiento profesional\u00a0 quiero\u00a0 compartir un par de\u00a0 fortuitas vivencias personales\u00a0 fuertemente ligadas a la transformaci\u00f3n de los hospitales, que expresan el impacto de las decisiones proyectuales. El Hospital \u201cDr. Enrique Torn\u00fa\u201d, desde su inauguraci\u00f3n en 1904 fue destinado al tratamiento y la internaci\u00f3n de pacientes con tuberculosis; con grandes [&hellip;] <a class=\"g1-link g1-link-more\" href=\"https:\/\/aadaih.org.ar\/anuario2021\/2021\/06\/17\/la-transformacion-de-los-espacios-para-la-salud-y-las-vueltas-de-la-vida\/\">M\u00e1s<\/a><\/p>\n","protected":false},"author":1,"featured_media":5200,"comment_status":"open","ping_status":"open","sticky":false,"template":"","format":"standard","meta":{"footnotes":""},"categories":[149],"tags":[],"reaction":[],"adace-sponsor":[],"class_list":{"0":"post-5197","1":"post","2":"type-post","3":"status-publish","4":"format-standard","5":"has-post-thumbnail","7":"category-hospital-dr-enrique-tornu"},"wps_subtitle":"Arq. Alicia Preide","_links":{"self":[{"href":"https:\/\/aadaih.org.ar\/anuario2021\/wp-json\/wp\/v2\/posts\/5197","targetHints":{"allow":["GET"]}}],"collection":[{"href":"https:\/\/aadaih.org.ar\/anuario2021\/wp-json\/wp\/v2\/posts"}],"about":[{"href":"https:\/\/aadaih.org.ar\/anuario2021\/wp-json\/wp\/v2\/types\/post"}],"author":[{"embeddable":true,"href":"https:\/\/aadaih.org.ar\/anuario2021\/wp-json\/wp\/v2\/users\/1"}],"replies":[{"embeddable":true,"href":"https:\/\/aadaih.org.ar\/anuario2021\/wp-json\/wp\/v2\/comments?post=5197"}],"version-history":[{"count":3,"href":"https:\/\/aadaih.org.ar\/anuario2021\/wp-json\/wp\/v2\/posts\/5197\/revisions"}],"predecessor-version":[{"id":5208,"href":"https:\/\/aadaih.org.ar\/anuario2021\/wp-json\/wp\/v2\/posts\/5197\/revisions\/5208"}],"wp:featuredmedia":[{"embeddable":true,"href":"https:\/\/aadaih.org.ar\/anuario2021\/wp-json\/wp\/v2\/media\/5200"}],"wp:attachment":[{"href":"https:\/\/aadaih.org.ar\/anuario2021\/wp-json\/wp\/v2\/media?parent=5197"}],"wp:term":[{"taxonomy":"category","embeddable":true,"href":"https:\/\/aadaih.org.ar\/anuario2021\/wp-json\/wp\/v2\/categories?post=5197"},{"taxonomy":"post_tag","embeddable":true,"href":"https:\/\/aadaih.org.ar\/anuario2021\/wp-json\/wp\/v2\/tags?post=5197"},{"taxonomy":"reaction","embeddable":true,"href":"https:\/\/aadaih.org.ar\/anuario2021\/wp-json\/wp\/v2\/reaction?post=5197"},{"taxonomy":"adace-sponsor","embeddable":true,"href":"https:\/\/aadaih.org.ar\/anuario2021\/wp-json\/wp\/v2\/adace-sponsor?post=5197"}],"curies":[{"name":"wp","href":"https:\/\/api.w.org\/{rel}","templated":true}]}}