{"id":6872,"date":"2023-09-04T07:35:08","date_gmt":"2023-09-04T10:35:08","guid":{"rendered":"https:\/\/aadaih.org.ar\/anuario2023\/?p=6872"},"modified":"2023-09-18T10:49:03","modified_gmt":"2023-09-18T13:49:03","slug":"6872","status":"publish","type":"post","link":"https:\/\/aadaih.org.ar\/anuario2023\/2023\/09\/04\/6872\/","title":{"rendered":"Premios Latinoamericanos de Arquitectura Hospitalaria 2021 y 2023"},"content":{"rendered":"<p>&nbsp;<\/p>\n<p>A\u00f1os atr\u00e1s, con motivo de los Congresos Latinoamericanos de Arquitectura e Ingenier\u00eda Hospitalaria, AADAIH organizaba anualmente el Premio Latinoamericano de Arquitectura Hospitalaria y la Exposici\u00f3n de los trabajos premiados en el \u00e1mbito del correspondiente Congreso.<\/p>\n<p>Recordamos sobre todo el Premio Internacional de Arquitectura Hospitalaria que en 2014 organiz\u00f3 el Arq. Alberto Marjovsky con motivo del Congreso Internacional de IFHE que se realiz\u00f3 en los salones de la UCA en Buenos Aires, en consonancia con el 25\u00b0 Congreso de AADAIH.<\/p>\n<p>Cuando hace dos a\u00f1os recibimos la invitaci\u00f3n para formar parte del jurado internacional que evaluar\u00eda el Premio Latinoamericano de Arquitectura Hospitalaria 2021 (PLAH 2021), que organizaba la ACAIH, Asociaci\u00f3n Colombiana de Arquitectos e Ingenieros Hospitalarios, junto con la SCA, Sociedad Colombiana de Arquitectos, aceptamos gustosos dado que se retomaba una actividad que siempre nos ha permitido conocer el nivel profesional alcanzado en nuestra regi\u00f3n y ha fomentado el intercambio entre los profesionales que nos dedicamos a esta especialidad. Por otra parte, se enrola en las acciones que se est\u00e1n llevando a cabo para la formaci\u00f3n del Grupo Regional Latinoamericano de IFHE.<\/p>\n<p>En este art\u00edculo presentamos las dos convocatorias, PLAH 2021 y PLAH 2023, con las condiciones de presentaci\u00f3n de cada una de ellas y las resoluciones de los jurados con los correspondientes ganadores.<\/p>\n<p>&nbsp;<\/p>\n<p><strong>La del PLAH 2021 se compone de:<\/strong><\/p>\n<p>Convocatoria PLAH 2021<\/p>\n<p>Instalaci\u00f3n del Jurado PLAH 2021<\/p>\n<p>Acta de Juzgamiento PLAH 2021<\/p>\n<p>Im\u00e1genes Obras Premiadas PLAH 2021<\/p>\n<p>&nbsp;<\/p>\n<p><strong>La del PLAH 2021 se compone de:<\/strong><\/p>\n<p>Convocatoria PLAH 2023<\/p>\n<p>Adenda PLAH 2023<\/p>\n<p>Instalaci\u00f3n del Jurado PLAH 2023<\/p>\n<p>Acta de Juzgamiento PLAH 2023<\/p>\n<p>Im\u00e1genes Obras Premiadas PLAH 2023<\/p>\n<p>&nbsp;<\/p>\n<p>Desde AADAIH felicitamos a todos los participantes de ambas convocatorias y fundamentalmente a los ganadores de cada categor\u00eda por el gran nivel profesional demostrado y se ha decidido que las obras que en 2023 han obtenido el Primer Premio por cada categor\u00eda se publiquen individualmente.<\/p>\n<p>Agradezco a la SCA y la ACAIH que me hayan invitado a participar en ambas convocatorias como representante de AADAIH y felicito a ambas asociaciones por haber organizado estos premios que fortalecen las relaciones entre todas las asociaciones latinoamericanas dedicadas a la arquitectura y las ingenier\u00edas para la salud.<\/p>\n<p>&nbsp;<\/p>\n<p><strong>PLAH 2021: Proyectos ganadores<\/strong><\/p>\n<p>El d\u00eda 31 de agosto de 2021 de manera virtual, se realiz\u00f3 la reuni\u00f3n de instalaci\u00f3n del jurado al Premio Latinoamericano de Arquitectura Hospitalaria 2021 integrado por:<\/p>\n<p><strong>Arq. Miguel Sartori<\/strong>, Argentina, Presidente de la Asociaci\u00f3n Argentina de Arquitectura e Ingenier\u00eda Hospitalaria \u2013 AADAIH.<\/p>\n<p><strong>Arq. Fabi\u00e1n Farf\u00e1n<\/strong>, Bolivia, Ex presidente de la Federaci\u00f3n Panamericana de Asociaciones de Arquitectos \u2013 FPAA.<\/p>\n<p><strong>Arq. \u00c1lvaro Prieto<\/strong>, Chile, Presidente de la Asociaci\u00f3n Chilena de Arquitectura y Especialidades Hospitalarias \u2013 AARQHOS.<\/p>\n<p><strong>Arq. Amedeo Vita, <\/strong>Colombia, Vicepresidente de la Asociaci\u00f3n Colombiana de Arquitectos e Ingenieros Hospitalarios \u2013 ACAIH.<\/p>\n<p><strong>Arq. Flavio Romero, <\/strong>Colombia, Expresidente Nacional de la Sociedad Colombiana de Arquitectos la Sociedad Mexicana de Arquitectos.<\/p>\n<p><strong>Arq. Briseyda Res\u00e9ndiz<\/strong>, M\u00e9xico, Presidente de la Sociedad Mexicana de Arquitectos Especialistas en Salud \u2013 SMAES.<\/p>\n<p><strong>Arq. Mar\u00eda Estrada<\/strong>, Presidente de la Asociaci\u00f3n Peruana de Arquitectos e Ingenieros Hospitalarios del per\u00fa \u2013 ASPAIH.<\/p>\n<p>&nbsp;<\/p>\n<p><strong>Antecedentes<\/strong><\/p>\n<p>Una vez finalizada las palabras de instalaci\u00f3n del Jurado por parte del Arq. Alfredo Reyes Rojas &#8211; Presidente de la Sociedad Colombiana de Arquitectos (SCA) y de bienvenida por parte del Arq. Amedeo Vita &#8211; Vicepresidente de la Asociaci\u00f3n Colombiana de Arquitectos e Ingenieros Hospitalaria (ACAIH), se procedi\u00f3 a la elecci\u00f3n del Presidente del Jurado, siendo elegido por unanimidad el Arq. \u00c1lvaro Prieto Lindholm.<\/p>\n<p>A continuaci\u00f3n se trataron los aspectos m\u00e1s relevantes de la convocatoria, se acord\u00f3 la metodolog\u00eda de evaluaci\u00f3n a seguir teniendo en cuenta los criterios de evaluaci\u00f3n contenidos en \u00a0la convocatoria del Premio:<\/p>\n<p>El jurado basar\u00e1 su evaluaci\u00f3n fundamentado principalmente en los criterios de m\u00e1xima calidad y excelencia siguientes:<\/p>\n<p>&nbsp;<\/p>\n<table style=\"height: 300px;\" width=\"712\">\n<tbody>\n<tr>\n<td width=\"194\">\n<p style=\"text-align: center;\"><strong>DISE\u00d1O<\/strong><\/p>\n<\/td>\n<td style=\"text-align: center;\" width=\"201\"><strong>ECOTECNOLOG\u00cdA<\/strong><\/td>\n<td style=\"text-align: center;\" width=\"197\">\n<p style=\"text-align: center;\"><strong>IMPACTO A LA COMUNIDAD<\/strong><\/p>\n<\/td>\n<\/tr>\n<tr>\n<td width=\"194\">\n<p style=\"text-align: center;\">\u00b7 Implantaci\u00f3n<\/p>\n<\/td>\n<td width=\"201\">\n<p style=\"text-align: center;\">\u00b7 Uso eficiente de los recursos<\/p>\n<\/td>\n<td width=\"197\">\n<p style=\"text-align: center;\">\u00b7 Social<\/p>\n<\/td>\n<\/tr>\n<tr>\n<td width=\"194\">\n<p style=\"text-align: center;\">\u00b7 Funcionalidad<\/p>\n<\/td>\n<td width=\"201\">\n<p style=\"text-align: center;\">\u00b7 Energ\u00edas renovables<\/p>\n<\/td>\n<td width=\"197\">\n<p style=\"text-align: center;\">\u00b7 Econ\u00f3mico<\/p>\n<\/td>\n<\/tr>\n<tr>\n<td style=\"text-align: center;\" width=\"194\">\u00b7 Volumetr\u00eda<\/td>\n<td style=\"text-align: center;\" width=\"201\">\u00b7 Materiales de construcci\u00f3n<\/td>\n<td width=\"197\">\n<p style=\"text-align: center;\">\u00b7 Ambiental<\/p>\n<\/td>\n<\/tr>\n<\/tbody>\n<\/table>\n<p>&nbsp;<\/p>\n<p><strong>Juzgamiento <\/strong><\/p>\n<p>Una vez terminado el acto de instalaci\u00f3n, el Jurado recibi\u00f3 oficialmente el link para acceder a las propuestas presentadas y de manera individual procedi\u00f3 a su conocimiento y an\u00e1lisis durante los d\u00edas 1 y 2 de septiembre de 2021.<\/p>\n<p>Realizada la revisi\u00f3n individual preliminar por cada uno de los integrantes del Jurado de las propuestas recibidas, el d\u00eda 3 de septiembre, se procedi\u00f3 al an\u00e1lisis grupal para realizar la preselecci\u00f3n en cada una de las 3 categor\u00edas.<\/p>\n<p>El 7 de septiembre se llev\u00f3 a cabo la tercera sesi\u00f3n de juzgamiento definiendo el Jurado otorgar el Premio Latinoamericano de Arquitectura Hospitalaria 2021 entre quienes obtuvieron el mayor puntaje considerando los criterios y exigencias establecidas en la convocatoria; ellos son:<\/p>\n<p>&nbsp;<\/p>\n<p><strong>Categor\u00eda 1:<\/strong> Edificaciones nuevas con un \u00e1rea de construcci\u00f3n superior a 5.000 m2.<\/p>\n<p><strong>Ganador del Premio: <\/strong>El proyecto identificado con el c\u00f3digo C1 743971, <strong>Centro Integral de Salud La Banda<\/strong>, ubicado en la Ciudad de la Banda en Argentina y dise\u00f1ado por ArquiSalud (Guth-Irigoyen-Monza) de Argentina.<\/p>\n<p><strong>Menci\u00f3n de Honor:<\/strong> El proyecto identificado con el c\u00f3digo C1 849207, <strong>Hospital Faro del Mayab<\/strong>, ubicado en M\u00e9rida, Yucat\u00e1n, M\u00e9xico y dise\u00f1ado por: Ricardo Combaluzier Medina, William Ram\u00edrez Pizarro, Josefina Rivas Acevedo, Mauro Ram\u00edrez Zapata, Luis de la Rosa y Palacios.<\/p>\n<p><strong>Menci\u00f3n de Honor:<\/strong> El proyecto identificado con el c\u00f3digo C1 180250, <strong>Hospital y Centro Nacional de Rehabilitaci\u00f3n Banco de Seguros del Estado,<\/strong> ubicado en Montevideo, Uruguay y dise\u00f1ado por F\u00e1brica de Paisaje, arquitectos: Fabio Ayerra, Marcos Castaings, Javier Lanza y Diego P\u00e9rez.<\/p>\n<p>&nbsp;<\/p>\n<p><strong>Categor\u00eda 2: <\/strong>Edificaciones nuevas con un \u00e1rea de construcci\u00f3n igual o inferior a 5.000 m2.<\/p>\n<p><strong>Menci\u00f3n de Honor:<\/strong> El proyecto identificado con el c\u00f3digo C2 440573, <strong>La Unidad Temporal COVID-19<\/strong>, ubicado en M\u00e9xico y dise\u00f1ado por el Instituto Mexicano del \u00a0\u00a0 Seguro Social.<\/p>\n<p><strong>Menci\u00f3n de Honor:<\/strong> El proyecto identificado con el c\u00f3digo C2 775042, <strong>San Vicente ESE Hospital<\/strong>, ubicado en Circasia, Quind\u00edo, Colombia y dise\u00f1ado por la arquitecta Ana Milena Zapata Posada.<\/p>\n<p>&nbsp;<\/p>\n<p><strong>Categor\u00eda 3:<\/strong> Edificaciones antiguas que hayan sido reordenadas, remodeladas o ampliadas entre 2011 y 2021, sin considerar su \u00e1rea de construcci\u00f3n.<\/p>\n<p><strong>Ganador del Premio:<\/strong>\u00a0 El proyecto identificado con el c\u00f3digo C3 591499, <strong>Hospital Dr. Pedro de Elizalde<\/strong>, ubicado en la ciudad de Buenos Aires, Argentina y dise\u00f1ado por Egozcue Vidal Pastorino Pozzolo, evpp arquitectos.<\/p>\n<p><strong>Menci\u00f3n de Honor:<\/strong> El proyecto identificado con el c\u00f3digo C3 770454, <strong>Hospital Universitario Mayor M\u00e9deri,<\/strong> ubicado en la ciudad de Bogot\u00e1, Colombia y dise\u00f1ado por M\u00e9deri.<\/p>\n<p>&nbsp;<\/p>\n<p>El Jurado valora el buen nivel y la calidad arquitect\u00f3nica de los proyectos presentados por los arquitectos de Argentina, Bolivia, Chile, Colombia, M\u00e9xico, Panam\u00e1, Per\u00fa y Uruguay. Y destaca el profesionalismo y el rigor de los Organizadores del Premio, los profesionales y colaboradores, que han participado durante el desarrollo del concurso.<\/p>\n<figure id=\"attachment_6876\" aria-describedby=\"caption-attachment-6876\" style=\"width: 2560px\" class=\"wp-caption alignnone\"><img fetchpriority=\"high\" decoding=\"async\" data-expand=\"600\" class=\"lazyload size-full wp-image-6876\" src=\"data:image\/svg+xml;charset=utf-8,%3Csvg xmlns%3D'http%3A%2F%2Fwww.w3.org%2F2000%2Fsvg' viewBox%3D'0 0 2560 1707'%2F%3E\" data-src=\"https:\/\/aadaih.org.ar\/anuario2023\/wp-content\/uploads\/2023\/09\/Foto-1-scaled.jpg\" alt=\"Centro Integral de Salud La Banda, ubicado en la Ciudad de la Banda en Argentina y dise\u00f1ado por ArquiSalud Guth-Irigoyen-Monza de Argentina.\" width=\"2560\" height=\"1707\" \/><figcaption id=\"caption-attachment-6876\" class=\"wp-caption-text\">Centro Integral de Salud La Banda, ubicado en la Ciudad de la Banda en Argentina y dise\u00f1ado por ArquiSalud Guth-Irigoyen-Monza de Argentina.<\/figcaption><\/figure>\n<p>&nbsp;<\/p>\n<figure id=\"attachment_6877\" aria-describedby=\"caption-attachment-6877\" style=\"width: 2560px\" class=\"wp-caption alignnone\"><img decoding=\"async\" data-expand=\"600\" class=\"lazyload size-full wp-image-6877\" src=\"data:image\/svg+xml;charset=utf-8,%3Csvg xmlns%3D'http%3A%2F%2Fwww.w3.org%2F2000%2Fsvg' viewBox%3D'0 0 2560 2508'%2F%3E\" data-src=\"https:\/\/aadaih.org.ar\/anuario2023\/wp-content\/uploads\/2023\/09\/Foto-2-scaled.jpg\" alt=\"Hospital Faro del Mayab, ubicado en M\u00e9rida, Yucat\u00e1n, M\u00e9xico y dise\u00f1ado por: Ricardo Combaluzier Medina, William Ram\u00edrez Pizarro, Josefina Rivas Acevedo, Mauro Ram\u00edrez Zapata, Luis de la Rosa y Palacios.\" width=\"2560\" height=\"2508\" \/><figcaption id=\"caption-attachment-6877\" class=\"wp-caption-text\">Hospital Faro del Mayab, ubicado en M\u00e9rida, Yucat\u00e1n, M\u00e9xico y dise\u00f1ado por: Ricardo Combaluzier Medina, William Ram\u00edrez Pizarro, Josefina Rivas Acevedo, Mauro Ram\u00edrez Zapata, Luis de la Rosa y Palacios.<\/figcaption><\/figure>\n<p>&nbsp;<\/p>\n<figure id=\"attachment_6878\" aria-describedby=\"caption-attachment-6878\" style=\"width: 2560px\" class=\"wp-caption alignnone\"><img decoding=\"async\" data-expand=\"600\" class=\"lazyload size-full wp-image-6878\" src=\"data:image\/svg+xml;charset=utf-8,%3Csvg xmlns%3D'http%3A%2F%2Fwww.w3.org%2F2000%2Fsvg' viewBox%3D'0 0 2560 1067'%2F%3E\" data-src=\"https:\/\/aadaih.org.ar\/anuario2023\/wp-content\/uploads\/2023\/09\/Foto-3-scaled.jpg\" alt=\"Hospital y Centro Nacional de Rehabilitaci\u00f3n Banco de Seguros del Estado, ubicado en Montevideo, Uruguay y dise\u00f1ado por F\u00e1brica de Paisaje, arquitectos: Fabio Ayerra, Marcos Castaings, Javier Lanza y Diego P\u00e9rez.\" width=\"2560\" height=\"1067\" \/><figcaption id=\"caption-attachment-6878\" class=\"wp-caption-text\">Hospital y Centro Nacional de Rehabilitaci\u00f3n Banco de Seguros del Estado, ubicado en Montevideo, Uruguay y dise\u00f1ado por F\u00e1brica de Paisaje, arquitectos: Fabio Ayerra, Marcos Castaings, Javier Lanza y Diego P\u00e9rez.<\/figcaption><\/figure>\n<p>&nbsp;<\/p>\n<figure id=\"attachment_6879\" aria-describedby=\"caption-attachment-6879\" style=\"width: 2560px\" class=\"wp-caption alignnone\"><img loading=\"lazy\" decoding=\"async\" data-expand=\"600\" class=\"lazyload size-full wp-image-6879\" src=\"data:image\/svg+xml;charset=utf-8,%3Csvg xmlns%3D'http%3A%2F%2Fwww.w3.org%2F2000%2Fsvg' viewBox%3D'0 0 2560 1991'%2F%3E\" data-src=\"https:\/\/aadaih.org.ar\/anuario2023\/wp-content\/uploads\/2023\/09\/Foto-4-scaled.jpg\" alt=\"La Unidad Temporal COVID-19, ubicado en M\u00e9xico y dise\u00f1ado por el Instituto Mexicano del Seguro Social.\" width=\"2560\" height=\"1991\" \/><figcaption id=\"caption-attachment-6879\" class=\"wp-caption-text\">La Unidad Temporal COVID-19, ubicado en M\u00e9xico y dise\u00f1ado por el Instituto Mexicano del Seguro Social.<\/figcaption><\/figure>\n<p>&nbsp;<\/p>\n<figure id=\"attachment_6880\" aria-describedby=\"caption-attachment-6880\" style=\"width: 2560px\" class=\"wp-caption alignnone\"><img loading=\"lazy\" decoding=\"async\" data-expand=\"600\" class=\"lazyload size-full wp-image-6880\" src=\"data:image\/svg+xml;charset=utf-8,%3Csvg xmlns%3D'http%3A%2F%2Fwww.w3.org%2F2000%2Fsvg' viewBox%3D'0 0 2560 1707'%2F%3E\" data-src=\"https:\/\/aadaih.org.ar\/anuario2023\/wp-content\/uploads\/2023\/09\/Foto-5-scaled.jpg\" alt=\"San Vicente ESE Hospital, ubicado en Circasia, Quind\u00edo, Colombia y dise\u00f1ado por la arquitecta Ana Milena Zapata Posada.\" width=\"2560\" height=\"1707\" \/><figcaption id=\"caption-attachment-6880\" class=\"wp-caption-text\">San Vicente ESE Hospital, ubicado en Circasia, Quind\u00edo, Colombia y dise\u00f1ado por la arquitecta Ana Milena Zapata Posada.<\/figcaption><\/figure>\n<p>&nbsp;<\/p>\n<figure id=\"attachment_6881\" aria-describedby=\"caption-attachment-6881\" style=\"width: 1993px\" class=\"wp-caption alignnone\"><img loading=\"lazy\" decoding=\"async\" data-expand=\"600\" class=\"lazyload size-full wp-image-6881\" src=\"data:image\/svg+xml;charset=utf-8,%3Csvg xmlns%3D'http%3A%2F%2Fwww.w3.org%2F2000%2Fsvg' viewBox%3D'0 0 1993 1073'%2F%3E\" data-src=\"https:\/\/aadaih.org.ar\/anuario2023\/wp-content\/uploads\/2023\/09\/Foto-6.png\" alt=\"Hospital Dr. Pedro de Elizalde, ubicado en la ciudad de Buenos Aires, Argentina y dise\u00f1ado por Egozcue Vidal Pastorino Pozzolo, evpp arquitectos.\" width=\"1993\" height=\"1073\" \/><figcaption id=\"caption-attachment-6881\" class=\"wp-caption-text\">Hospital Dr. Pedro de Elizalde, ubicado en la ciudad de Buenos Aires, Argentina y dise\u00f1ado por Egozcue Vidal Pastorino Pozzolo, evpp arquitectos.<\/figcaption><\/figure>\n<p>&nbsp;<\/p>\n<figure id=\"attachment_6882\" aria-describedby=\"caption-attachment-6882\" style=\"width: 2560px\" class=\"wp-caption alignnone\"><img loading=\"lazy\" decoding=\"async\" data-expand=\"600\" class=\"lazyload size-full wp-image-6882\" src=\"data:image\/svg+xml;charset=utf-8,%3Csvg xmlns%3D'http%3A%2F%2Fwww.w3.org%2F2000%2Fsvg' viewBox%3D'0 0 2560 1707'%2F%3E\" data-src=\"https:\/\/aadaih.org.ar\/anuario2023\/wp-content\/uploads\/2023\/09\/Foto-7-scaled.jpg\" alt=\"Hospital Universitario Mayor M\u00e9deri, ubicado en la ciudad de Bogot\u00e1, Colombia y dise\u00f1ado por M\u00e9deri.\" width=\"2560\" height=\"1707\" \/><figcaption id=\"caption-attachment-6882\" class=\"wp-caption-text\">Hospital Universitario Mayor M\u00e9deri, ubicado en la ciudad de Bogot\u00e1, Colombia y dise\u00f1ado por M\u00e9deri.<\/figcaption><\/figure>\n<p>&nbsp;<\/p>\n<p>&nbsp;<\/p>\n<p><strong>PLAH 2023: Proyectos ganadores<\/strong><\/p>\n<p>El Premio Latinoamericano de Arquitectura Hospitalaria 2023 (en adelante PLAH), es un reconocimiento que entrega cada dos (2) a\u00f1os la SCA y la ACAIH a profesionales de la arquitectura e ingenier\u00eda que hayan dise\u00f1ado, construido o restaurado edificaciones de salud, y a las instituciones prestadoras de servicios de salud que generan impactos positivos en sus comunidades.<\/p>\n<p>El PLAH valora la adecuada inserci\u00f3n urban\u00edstica, la creatividad, la composici\u00f3n y belleza, as\u00ed como la calidad t\u00e9cnica, funcional y espacial, el respeto al medio ambiente, el uso eficiente de la tecnolog\u00eda y el compromiso con los ODS.<\/p>\n<p>&nbsp;<\/p>\n<p><strong>Categor\u00edas<\/strong><\/p>\n<p>El Premio Latinoamericano de Arquitectura Hospitalaria 2023 se otorgar\u00e1 en cada una de las siguientes categor\u00edas:<\/p>\n<p>Categor\u00eda 1-Edificaciones nuevas con un \u00e1rea de construcci\u00f3n igual o inferior a 20.000 m2.<\/p>\n<p>Categor\u00eda 2-Edificaciones nuevas con un \u00e1rea de construcci\u00f3n superior a 20.000 m2.<\/p>\n<p>Categor\u00eda 3-Edificaciones con valor hist\u00f3rico arquitect\u00f3nico que hayan sido restauradas.<\/p>\n<p>Categor\u00eda 4-Dise\u00f1o de ambientes hospitalarios.<\/p>\n<p><em>\u00a0<\/em><\/p>\n<p><strong>El jurado internacional estuvo integrado por:<\/strong><strong>\u00a0 \u00a0 \u00a0 \u00a0 \u00a0 \u00a0 \u00a0 \u00a0 \u00a0 \u00a0 \u00a0 \u00a0 \u00a0 \u00a0 \u00a0 \u00a0 \u00a0 \u00a0 \u00a0 \u00a0 \u00a0<\/strong><\/p>\n<p><strong>Arq. Miguel Sartori, <\/strong>Argentina<strong>, <\/strong>Presidente de la Asociaci\u00f3n Argentina de Arquitectura e Ingenier\u00eda Hospitalaria \u2013 AADAIH<\/p>\n<p><strong>Arq. \u00c1lvaro Prieto, <\/strong>Chile, Presidente de la Asociaci\u00f3n Chilena de Arquitectura y Especialidades Hospitalarias &#8211; AARQHOS<\/p>\n<p><strong>Arq. Amedeo Vita, <\/strong>Colombia, Vicepresidente de la Asociaci\u00f3n Colombiana de Arquitectos e Ingenieros Hospitalarios \u2013 ACAIH<\/p>\n<p><strong>Arq. Briseyda Respendiz, <\/strong>Per\u00fa, Ex Presidente de la Sociedad Mexicana de Arquitectos Especializados en Salud \u2013 SMAES<\/p>\n<p><strong>Arq. Arq. Mar\u00eda Estrada, <\/strong>Per\u00fa, Presidente de la Asociaci\u00f3n Peruana de Arquitectos e Ingenieros Hospitalarios del Per\u00fa &#8211; ASPAIH<\/p>\n<p><strong>\u00a0<\/strong><\/p>\n<p><strong>Categor\u00eda 1- Edificaciones nuevas con un \u00e1rea de construcci\u00f3n igual o inferior a 20.000 m2. <\/strong><\/p>\n<p><strong>GANADOR:<\/strong> El proyecto Edificio Juncal II del Hospital Alem\u00e1n, en Buenos Aires, de ASF Arquitectos de Argentina nos presenta un edificio que forma parte de un conjunto hospitalario que ha crecido desde hace 150 a\u00f1os buscando dar respuesta a las demandas de los servicios de Salud. El presente premio se otorga al presentar un proyecto de un edificio de 8 niveles y dos s\u00f3tanos donde se localiza el centro quir\u00fargico el cual se conecta estrat\u00e9gicamente a los servicios de Emergencias, im\u00e1genes y Terapia. Adem\u00e1s de contar con 108 camas de hospitalizaci\u00f3n teniendo una unidad coronaria. Internaci\u00f3n, y de corta estad\u00eda. El proyecto no solo se destaca en los rubros de la categor\u00eda sino adem\u00e1s cuenta con un dise\u00f1o bioclim\u00e1tico pasivo, adem\u00e1s de promover procesos eficientes, sistemas de automatizaci\u00f3n, sin dejar de mencionar su trama circulatoria entre lo p\u00fablico y t\u00e9cnico sin descuidar criterios de humanizaci\u00f3n, teniendo un redise\u00f1o del jard\u00edn central que en su integraci\u00f3n con el Nuevo edificio promueven actividades sociales y de encuentro.<\/p>\n<p><strong>MENCI\u00d3N HONORIFICA:<\/strong> Centro M\u00e9dico CLC Pe\u00f1alolen de MOBIL Arquitectos de Chile. Se destaca por un dise\u00f1o funcional que aprovecha la topograf\u00eda del sitio para generar distintos niveles, una nueva calle y una nueva esquina urbana. El proyecto divide su programa en dos barras, una primera barra ubica a URGENCIAS en el piso -1 y CONSULTAS en el piso 1, adem\u00e1s una segunda barra comercial en sus dos niveles.<\/p>\n<p>El inmueble combina tipolog\u00edas de pabellones y un patio central, que permite la creaci\u00f3n de espacios bien iluminados, ventilados y contacto con la naturaleza, donde el dise\u00f1o del paisaje, contribuye al estado de bienestar de quienes viven el hospital. Los dise\u00f1adores, iintegran el uso de la madera como material m\u00e1s sustentable que a su vez genera calidez a la fachada y una relaci\u00f3n m\u00e1s blanda con la ciudad, llevar la calidez hacia el exterior.<\/p>\n<p>&nbsp;<\/p>\n<p><strong>Categor\u00eda 2- Edificaciones nuevas con un \u00e1rea de construcci\u00f3n superior a\u00a0 20.000 m2<\/strong><\/p>\n<p><strong>GANADOR:<\/strong> CTIC Centro De Tratamiento E Investigaci\u00f3n Sobre C\u00e1ncer Luis Carlos Sarmiento Angulo de Rafael de la-Hoz Arquitectos, Perkins&amp;Will y Construcciones Planificadas ubicado en Colombia se trata de un proyecto ambicioso de un edificio hospital de 11 pisos y un edificio de investigaci\u00f3n, que todo el conjunto se proyecta ser un centro integral\u00a0tratamiento e investigaci\u00f3n de c\u00e1ncer de referencia a nivel regional en el Continente, teniendo un dise\u00f1o innovador alej\u00e1ndose de formas cuadradas cuidado su relaci\u00f3n con la zonas verde, buscando minimizar su impacto urbano en la zona donde se localiza, adem\u00e1s se destaca que el dise\u00f1o exterior tambi\u00e9n permea al interior donde se predominan los formas curva que favorecen la condici\u00f3n de iluminaci\u00f3n, adem\u00e1s de buscar una armon\u00eda en los dise\u00f1os de espacios c\u00e1lidos.\u00a0 Finalmente se destaca la flexibilidad del proyecto, la cual tiene previsto su crecimiento por fases teniendo para futuras etapas la construcci\u00f3n de una nueva torre y un hotel.<\/p>\n<p><strong>MENCI\u00d3N HONORIFICA:<\/strong> Hospital Nacional de la Polic\u00eda Luis N. S\u00e1enz en Lima, Per\u00fa. El proyecto se presenta una ampliaci\u00f3n al complejo, el cual consiste en una serie de cuerpos que logran una integraci\u00f3n y conexi\u00f3n con la infraestructura existente, realizando un gran \u00e9nfasis en la circulaci\u00f3n entre los cuerpos. El PLAH reconoce el esfuerzo que se realiza en el fortalecimiento de la infraestructura hospitalaria para brindar los servicios sin embargo en la informaci\u00f3n del proyecto indica un \u00e1rea nueva menor a lo solicitado en las bases de esta categor\u00eda.<\/p>\n<p>&nbsp;<\/p>\n<p><strong>Categor\u00eda 3<\/strong>&#8211; Edificaciones con valor hist\u00f3rico arquitect\u00f3nico que hayan sido restauradas.<\/p>\n<p><strong>MENCI\u00d3N HONORIFICA:<\/strong> Si bien es importante la creaci\u00f3n de nueva infraestructura para la Salud en Am\u00e9rica Latina, es una realidad la existencia de un n\u00famero significativo de inmuebles cuya edad demanda intervenciones de remodelaci\u00f3n y ampliaci\u00f3n. En el caso espec\u00edfico de las tipolog\u00edas de salud, estas intervenciones representan un reto may\u00fasculo al adaptar espacios existentes y con valor hist\u00f3rico a el aumento de su capacidad resolutiva y los avances tecnol\u00f3gicos.<\/p>\n<p>Es por ello, que es meritorio reconocer las intervenciones realizadas en Hospital Universitario Mayor M\u00e9deri donde los proyectistas, cumplen con los objetivos de rehabilitaci\u00f3n y expansi\u00f3n hospitalaria, sin olvidar la importancia de la humanizaci\u00f3n, seguridad, calidad y sostenibilidad de los espacios.<\/p>\n<p>&nbsp;<\/p>\n<p><strong>Categor\u00eda 4<\/strong><strong>&#8211; Dise\u00f1o de ambientes hospitalarios<\/strong><\/p>\n<p><strong>GANADOR:<\/strong> El Centro de Tratamiento e Investigaci\u00f3n Sobre C\u00e1ncer Luis Carlos Sarmiento Angulo dise\u00f1ado por Rafael de la-Hoz Arquitectos, Perkins&amp;Will y Construcciones en Colombia, traslad\u00f3 la forma curveada de su envolvente a los espacios interiores, generando pasillos sutiles en su recorrido, m\u00e1s estimulantes y que no se sienten infinitos.<\/p>\n<p>El dise\u00f1o de interiores basado en materiales de f\u00e1cil mantenimiento, tonos c\u00e1lidos y naturales, prioriza el contacto con el exterior y aprovecha la generosidad de las curvas para crear espacios \u00edntimos y flexibles dentro del nosocomio.<\/p>\n<p><strong>MENCI\u00d3N HONORIFICA: <\/strong>La Nueva Unidad de Cuidados Intensivos e Intermedios de la Fundaci\u00f3n Hospital San Pedro en Colombia, es resultado de concebir los espacios no solo desde su funci\u00f3n, sino desde una visi\u00f3n hol\u00edstica que entiende a quien habita como un ser multidimensional.\u00a0 Para ello, los dise\u00f1adores integran investigaci\u00f3n desde ciencias como la psicolog\u00eda ambiental y la neuro arquitectura.<\/p>\n<p>El dise\u00f1o interior, tiene como principales objetivos reducir los niveles de estr\u00e9s y ansiedad asociados a los ambientes hospitalarios, as\u00ed como, contribuir a recuperaci\u00f3n de los pacientes.<\/p>\n<p>Es importante resaltar que la investigaci\u00f3n aplicada, debe ser parte del quehacer diario de los despachos especializados en arquitectura salud en la Am\u00e9rica Latina.<\/p>\n<p>&nbsp;<\/p>\n<p><strong>Arquitectura, proyectos no construidos<\/strong><\/p>\n<p><strong>GANADOR:<\/strong> Con el objetivo de dise\u00f1ar un hospital humano, innovador y sostenible, los dise\u00f1adores se propusieron crear \u201cespacios con empat\u00eda\u201d, como resultado podemos distinguir una propuesta \u201cgenerosa\u201d con quien la habita, con su entorno natural, social y cultural.<\/p>\n<p>El Hospital TATAMA parque de Vida de Opus, Are y Abalark en Colombia, resalta el esp\u00edritu del lugar y la noci\u00f3n de \u201ccasa\u201d como el lugar donde uno quiere estar, en este caso, la concepci\u00f3n del hospital como lugar de la sanaci\u00f3n y no de la enfermedad.<\/p>\n<p>Los dise\u00f1adores aprovechan la topograf\u00eda para generar accesos claros, que se vuelven caminatas acompa\u00f1adas de vegetaci\u00f3n y agua; el conjunto es concebido desde la tipolog\u00eda de claustro, en referencia a las haciendas cafetaleras, el trabajo en sus fachadas interiores y exteriores con terrazas, crea ambientes di\u00e1fanos y confortables.<\/p>\n<p><strong>MENCI\u00d3N HONOR\u00cdFICA: <\/strong>Reconocer un proyecto para un hospital sin fines de lucro en tiempos de mercantilismo, se vuelve algo necesario. Este reconocimiento es exponencial, cuando las caracter\u00edsticas de habitabilidad brindadas por los dise\u00f1adores contribuyen a la mejora, recuperaci\u00f3n y restablecimiento de la salud y el bienestar de quienes transitan por sus espacios.<\/p>\n<p>Con una tipolog\u00eda arquitect\u00f3nica de basamento y torre, los dise\u00f1adores crearon terrazas en distintos niveles que permiten tener espacios de descanso, respiro y cercan\u00eda con \u00e1reas verdes; as\u00ed mismo, esta disposici\u00f3n, permite la creaci\u00f3n de espacios bien iluminados, ventilados y con vistas hacia los exteriores.<\/p>\n<p>La propuesta engloba los Objetivos del Desarrollo Sostenible, como una muestra de que la reducci\u00f3n de las brechas sociales es posible y que todos podemos contribuir desde distintas trincheras y sectores.<\/p>\n<p>&nbsp;<\/p>\n<figure id=\"attachment_6883\" aria-describedby=\"caption-attachment-6883\" style=\"width: 700px\" class=\"wp-caption alignnone\"><img loading=\"lazy\" decoding=\"async\" data-expand=\"600\" class=\"lazyload size-full wp-image-6883\" src=\"data:image\/svg+xml;charset=utf-8,%3Csvg xmlns%3D'http%3A%2F%2Fwww.w3.org%2F2000%2Fsvg' viewBox%3D'0 0 700 431'%2F%3E\" data-src=\"https:\/\/aadaih.org.ar\/anuario2023\/wp-content\/uploads\/2023\/09\/Foto-8.jpg\" alt=\"Edificio Juncal II del Hospital Alem\u00e1n, proyecto de ASF Arquitectos de Argentina\" width=\"700\" height=\"431\" \/><figcaption id=\"caption-attachment-6883\" class=\"wp-caption-text\">Edificio Juncal II del Hospital Alem\u00e1n, proyecto de ASF Arquitectos de Argentina<\/figcaption><\/figure>\n<p>&nbsp;<\/p>\n<figure id=\"attachment_6884\" aria-describedby=\"caption-attachment-6884\" style=\"width: 2560px\" class=\"wp-caption alignnone\"><img loading=\"lazy\" decoding=\"async\" data-expand=\"600\" class=\"lazyload size-full wp-image-6884\" src=\"data:image\/svg+xml;charset=utf-8,%3Csvg xmlns%3D'http%3A%2F%2Fwww.w3.org%2F2000%2Fsvg' viewBox%3D'0 0 2560 1440'%2F%3E\" data-src=\"https:\/\/aadaih.org.ar\/anuario2023\/wp-content\/uploads\/2023\/09\/Foto-9-scaled.jpg\" alt=\"Centro M\u00e9dico CLC Pe\u00f1alol\u00e9n, de MOBIL Arquitectos de Chile.\" width=\"2560\" height=\"1440\" \/><figcaption id=\"caption-attachment-6884\" class=\"wp-caption-text\">Centro M\u00e9dico CLC Pe\u00f1alol\u00e9n, de MOBIL Arquitectos de Chile.<\/figcaption><\/figure>\n<p>&nbsp;<\/p>\n<figure id=\"attachment_6885\" aria-describedby=\"caption-attachment-6885\" style=\"width: 1225px\" class=\"wp-caption alignnone\"><img loading=\"lazy\" decoding=\"async\" data-expand=\"600\" class=\"lazyload size-full wp-image-6885\" src=\"data:image\/svg+xml;charset=utf-8,%3Csvg xmlns%3D'http%3A%2F%2Fwww.w3.org%2F2000%2Fsvg' viewBox%3D'0 0 1225 791'%2F%3E\" data-src=\"https:\/\/aadaih.org.ar\/anuario2023\/wp-content\/uploads\/2023\/09\/Foto-10.jpg\" alt=\"Rafael de la-Hoz Arquitectos, Perkins&amp;Will y Construcciones\" width=\"1225\" height=\"791\" \/><figcaption id=\"caption-attachment-6885\" class=\"wp-caption-text\">Rafael de la-Hoz Arquitectos, Perkins&amp;Will y Construcciones<\/figcaption><\/figure>\n<p>&nbsp;<\/p>\n<figure id=\"attachment_6886\" aria-describedby=\"caption-attachment-6886\" style=\"width: 2560px\" class=\"wp-caption alignnone\"><img loading=\"lazy\" decoding=\"async\" data-expand=\"600\" class=\"lazyload size-full wp-image-6886\" src=\"data:image\/svg+xml;charset=utf-8,%3Csvg xmlns%3D'http%3A%2F%2Fwww.w3.org%2F2000%2Fsvg' viewBox%3D'0 0 2560 1168'%2F%3E\" data-src=\"https:\/\/aadaih.org.ar\/anuario2023\/wp-content\/uploads\/2023\/09\/Foto-11-scaled.jpg\" alt=\"Hospital Nacional de la Polic\u00eda Luis N S\u00e1enz, en Lima, Per\u00fa.\" width=\"2560\" height=\"1168\" \/><figcaption id=\"caption-attachment-6886\" class=\"wp-caption-text\">Hospital Nacional de la Polic\u00eda Luis N S\u00e1enz, en Lima, Per\u00fa.<\/figcaption><\/figure>\n<p>&nbsp;<\/p>\n<figure id=\"attachment_6887\" aria-describedby=\"caption-attachment-6887\" style=\"width: 1936px\" class=\"wp-caption alignnone\"><img loading=\"lazy\" decoding=\"async\" data-expand=\"600\" class=\"lazyload size-full wp-image-6887\" src=\"data:image\/svg+xml;charset=utf-8,%3Csvg xmlns%3D'http%3A%2F%2Fwww.w3.org%2F2000%2Fsvg' viewBox%3D'0 0 1936 1232'%2F%3E\" data-src=\"https:\/\/aadaih.org.ar\/anuario2023\/wp-content\/uploads\/2023\/09\/Foto-12-rotated.jpg\" alt=\"Hospital Universitario Mayor M\u00e9deri\" width=\"1936\" height=\"1232\" \/><figcaption id=\"caption-attachment-6887\" class=\"wp-caption-text\">Hospital Universitario Mayor M\u00e9deri<\/figcaption><\/figure>\n<p>&nbsp;<\/p>\n<figure id=\"attachment_6889\" aria-describedby=\"caption-attachment-6889\" style=\"width: 2560px\" class=\"wp-caption alignnone\"><img loading=\"lazy\" decoding=\"async\" data-expand=\"600\" class=\"lazyload size-full wp-image-6889\" src=\"data:image\/svg+xml;charset=utf-8,%3Csvg xmlns%3D'http%3A%2F%2Fwww.w3.org%2F2000%2Fsvg' viewBox%3D'0 0 2560 2291'%2F%3E\" data-src=\"https:\/\/aadaih.org.ar\/anuario2023\/wp-content\/uploads\/2023\/09\/Foto-13-1-scaled.jpg\" alt=\"Centro de Tratamiento e Investigaci\u00f3n Sobre C\u00e1ncer Luis Carlos Sarmiento Angulo, dise\u00f1ado por Rafael de la-Hoz Arquitectos, Perkins&amp;Will y Construcciones en Colombia\" width=\"2560\" height=\"2291\" \/><figcaption id=\"caption-attachment-6889\" class=\"wp-caption-text\">Centro de Tratamiento e Investigaci\u00f3n Sobre C\u00e1ncer Luis Carlos Sarmiento Angulo, dise\u00f1ado por Rafael de la-Hoz Arquitectos, Perkins&amp;Will y Construcciones en Colombia<\/figcaption><\/figure>\n<p>&nbsp;<\/p>\n<figure id=\"attachment_6890\" aria-describedby=\"caption-attachment-6890\" style=\"width: 2560px\" class=\"wp-caption alignnone\"><img loading=\"lazy\" decoding=\"async\" data-expand=\"600\" class=\"lazyload size-full wp-image-6890\" src=\"data:image\/svg+xml;charset=utf-8,%3Csvg xmlns%3D'http%3A%2F%2Fwww.w3.org%2F2000%2Fsvg' viewBox%3D'0 0 2560 1707'%2F%3E\" data-src=\"https:\/\/aadaih.org.ar\/anuario2023\/wp-content\/uploads\/2023\/09\/Foto-14-scaled.jpg\" alt=\"Nueva Unidad de Cuidados Intensivos e Intermedios de la Fundaci\u00f3n Hospital San Pedro, en Colombia\" width=\"2560\" height=\"1707\" \/><figcaption id=\"caption-attachment-6890\" class=\"wp-caption-text\">Nueva Unidad de Cuidados Intensivos e Intermedios de la Fundaci\u00f3n Hospital San Pedro, en Colombia<\/figcaption><\/figure>\n<p>&nbsp;<\/p>\n<figure id=\"attachment_6891\" aria-describedby=\"caption-attachment-6891\" style=\"width: 2560px\" class=\"wp-caption alignnone\"><img loading=\"lazy\" decoding=\"async\" data-expand=\"600\" class=\"lazyload size-full wp-image-6891\" src=\"data:image\/svg+xml;charset=utf-8,%3Csvg xmlns%3D'http%3A%2F%2Fwww.w3.org%2F2000%2Fsvg' viewBox%3D'0 0 2560 1083'%2F%3E\" data-src=\"https:\/\/aadaih.org.ar\/anuario2023\/wp-content\/uploads\/2023\/09\/Foto-15-scaled.jpg\" alt=\"Hospital TATAMA Parque de Vida, proyecto de Opus, Are y Abalark en Colombia\" width=\"2560\" height=\"1083\" \/><figcaption id=\"caption-attachment-6891\" class=\"wp-caption-text\">Hospital TATAMA Parque de Vida, proyecto de Opus, Are y Abalark en Colombia<\/figcaption><\/figure>\n<p>&nbsp;<\/p>\n<figure id=\"attachment_6893\" aria-describedby=\"caption-attachment-6893\" style=\"width: 1024px\" class=\"wp-caption alignnone\"><img loading=\"lazy\" decoding=\"async\" data-expand=\"600\" class=\"lazyload size-full wp-image-6893\" src=\"data:image\/svg+xml;charset=utf-8,%3Csvg xmlns%3D'http%3A%2F%2Fwww.w3.org%2F2000%2Fsvg' viewBox%3D'0 0 1024 570'%2F%3E\" data-src=\"https:\/\/aadaih.org.ar\/anuario2023\/wp-content\/uploads\/2023\/09\/Foto-16.jpeg\" alt=\"Nueva Unidad de Cuidados Intensivos e Intermedios (UCI \u2013 UCIM) de la Fundaci\u00f3n Hospital San Pedro (FHSP) ubicado en la ciudad de Pasto, Colombia, dise\u00f1ado por Dimensi\u00f3n Anal\u00edtica Architects\" width=\"1024\" height=\"570\" \/><figcaption id=\"caption-attachment-6893\" class=\"wp-caption-text\">Nueva Unidad de Cuidados Intensivos e Intermedios (UCI \u2013 UCIM) de la Fundaci\u00f3n Hospital San Pedro (FHSP) ubicado en la ciudad de Pasto, Colombia, dise\u00f1ado por Dimensi\u00f3n Anal\u00edtica Architects<\/figcaption><\/figure>\n<p>&nbsp;<\/p>\n<p>&nbsp;<\/p>\n<p>&nbsp;<\/p>\n<p><strong>Miguel \u00c1ngel Sartori<\/strong> es arquitecto (UBA 1980). Presidente AADAIH 2020-2022 y 2022-2024). Secretario 2018-2020, Miembro de Comisi\u00f3n Directiva desde 2014. Presidente 27\u00b0 Congreso Latinoamericano de Arquitectura e Ingenier\u00eda Hospitalaria, CABA (2016). Editor y coeditor del Anuario AADAIH desde 2014 a la fecha. Coordinador de \u201cIntercambios Virtuales AADAIH\u201d (2020-2023). Docente \u201cTaller de Proyecto de Edificios para la Salud\u201d &#8211; TPEPLS FADU-UBA-AADAIH, \u201cDiplomatura en Sustentabilidad de los Espacios para la Salud\u201d, y \u201cDiplomatura en Gesti\u00f3n y Dise\u00f1o de Edificios destinados a la Salud\u201d AADAIH-UGR.<\/p>\n<p>Jurado Nacional Concurso \u201cReciclaje y Ampliaci\u00f3n del Hospital Rivadavia\u201d (2008), por GCABA. Jurado Internacional Premio Latinoamericano de Arquitectura Hospitalaria I y II (2021 y 2023), ACAIH-SCA, Colombia.<\/p>\n<p>Es socio titular de TSYA S.A.\u00a0-Turjanski Sartori y Asociados-,\u00a0empresa de arquitectura + ingenier\u00eda fundada en 1982, con oficinas en Argentina, Uruguay y Panam\u00e1, especializado en Arquitectura para la Salud, Industria Farmac\u00e9utica, Cosm\u00e9tica, Veterinaria y Alimenticia, Log\u00edstica, Arquitectura Corporativa y Comercial. Ha obtenido diferentes premios y reconocimientos otorgados por sus obras.<\/p>\n<p>Expositor en las Bienales de Arquitectura de Buenos Aires y San Pablo. Participante en Congresos nacionales e internacionales.<\/p>\n<p>&nbsp;<\/p>\n","protected":false},"excerpt":{"rendered":"<p>&nbsp; A\u00f1os atr\u00e1s, con motivo de los Congresos Latinoamericanos de Arquitectura e Ingenier\u00eda Hospitalaria, AADAIH organizaba anualmente el Premio Latinoamericano de Arquitectura Hospitalaria y la Exposici\u00f3n de los trabajos premiados en el \u00e1mbito del correspondiente Congreso. Recordamos sobre todo el Premio Internacional de Arquitectura Hospitalaria que en 2014 organiz\u00f3 el Arq. Alberto Marjovsky con motivo [&hellip;] <a class=\"g1-link g1-link-more\" href=\"https:\/\/aadaih.org.ar\/anuario2023\/2023\/09\/04\/6872\/\">M\u00e1s<\/a><\/p>\n","protected":false},"author":1,"featured_media":6873,"comment_status":"open","ping_status":"open","sticky":false,"template":"","format":"standard","meta":{"footnotes":""},"categories":[216],"tags":[],"reaction":[],"adace-sponsor":[],"class_list":{"0":"post-6872","1":"post","2":"type-post","3":"status-publish","4":"format-standard","5":"has-post-thumbnail","7":"category-colombia"},"wps_subtitle":"Arq. Miguel \u00c1ngel Sartori","_links":{"self":[{"href":"https:\/\/aadaih.org.ar\/anuario2023\/wp-json\/wp\/v2\/posts\/6872","targetHints":{"allow":["GET"]}}],"collection":[{"href":"https:\/\/aadaih.org.ar\/anuario2023\/wp-json\/wp\/v2\/posts"}],"about":[{"href":"https:\/\/aadaih.org.ar\/anuario2023\/wp-json\/wp\/v2\/types\/post"}],"author":[{"embeddable":true,"href":"https:\/\/aadaih.org.ar\/anuario2023\/wp-json\/wp\/v2\/users\/1"}],"replies":[{"embeddable":true,"href":"https:\/\/aadaih.org.ar\/anuario2023\/wp-json\/wp\/v2\/comments?post=6872"}],"version-history":[{"count":5,"href":"https:\/\/aadaih.org.ar\/anuario2023\/wp-json\/wp\/v2\/posts\/6872\/revisions"}],"predecessor-version":[{"id":7083,"href":"https:\/\/aadaih.org.ar\/anuario2023\/wp-json\/wp\/v2\/posts\/6872\/revisions\/7083"}],"wp:featuredmedia":[{"embeddable":true,"href":"https:\/\/aadaih.org.ar\/anuario2023\/wp-json\/wp\/v2\/media\/6873"}],"wp:attachment":[{"href":"https:\/\/aadaih.org.ar\/anuario2023\/wp-json\/wp\/v2\/media?parent=6872"}],"wp:term":[{"taxonomy":"category","embeddable":true,"href":"https:\/\/aadaih.org.ar\/anuario2023\/wp-json\/wp\/v2\/categories?post=6872"},{"taxonomy":"post_tag","embeddable":true,"href":"https:\/\/aadaih.org.ar\/anuario2023\/wp-json\/wp\/v2\/tags?post=6872"},{"taxonomy":"reaction","embeddable":true,"href":"https:\/\/aadaih.org.ar\/anuario2023\/wp-json\/wp\/v2\/reaction?post=6872"},{"taxonomy":"adace-sponsor","embeddable":true,"href":"https:\/\/aadaih.org.ar\/anuario2023\/wp-json\/wp\/v2\/adace-sponsor?post=6872"}],"curies":[{"name":"wp","href":"https:\/\/api.w.org\/{rel}","templated":true}]}}